{"id":6065,"date":"2026-04-01T10:56:49","date_gmt":"2026-04-01T10:56:49","guid":{"rendered":"https:\/\/rise-health.pt\/?p=6065"},"modified":"2026-04-01T10:58:06","modified_gmt":"2026-04-01T10:58:06","slug":"rise-health-organiza-2-a-edicao-do-rise-students-day","status":"publish","type":"post","link":"https:\/\/rise-health.pt\/pt-pt\/2026\/04\/01\/rise-health-organiza-2-a-edicao-do-rise-students-day\/","title":{"rendered":"RISE-Health organiza 2.\u00aa edi\u00e7\u00e3o do RISE Students\u2019 Day"},"content":{"rendered":"\t\t<div data-elementor-type=\"wp-post\" data-elementor-id=\"6065\" class=\"elementor elementor-6065\" data-elementor-post-type=\"post\">\n\t\t\t\t\t\t<section class=\"elementor-section elementor-top-section elementor-element elementor-element-dc029db elementor-section-boxed elementor-section-height-default elementor-section-height-default\" data-id=\"dc029db\" data-element_type=\"section\" data-e-type=\"section\" data-settings=\"{&quot;background_background&quot;:&quot;classic&quot;}\">\n\t\t\t\t\t\t\t<div class=\"elementor-background-overlay\"><\/div>\n\t\t\t\t\t\t\t<div class=\"elementor-container elementor-column-gap-default\">\n\t\t\t\t\t<div class=\"elementor-column elementor-col-100 elementor-top-column elementor-element elementor-element-005bb9f\" data-id=\"005bb9f\" data-element_type=\"column\" data-e-type=\"column\">\n\t\t\t<div class=\"elementor-widget-wrap elementor-element-populated\">\n\t\t\t\t\t\t<div class=\"elementor-element elementor-element-4b97ef1 elementor-widget elementor-widget-breadcrumbs\" data-id=\"4b97ef1\" data-element_type=\"widget\" data-e-type=\"widget\" data-widget_type=\"breadcrumbs.default\">\n\t\t\t\t<div class=\"elementor-widget-container\">\n\t\t\t\t\t<p id=\"breadcrumbs\"><\/p>\t\t\t\t<\/div>\n\t\t\t\t<\/div>\n\t\t\t\t<div class=\"elementor-element elementor-element-17e22a1 elementor-widget elementor-widget-heading\" data-id=\"17e22a1\" data-element_type=\"widget\" data-e-type=\"widget\" data-widget_type=\"heading.default\">\n\t\t\t\t<div class=\"elementor-widget-container\">\n\t\t\t\t\t<h2 class=\"elementor-heading-title elementor-size-default\">RISE-Health organiza 2.\u00aa edi\u00e7\u00e3o do RISE Students\u2019 Day<\/h2>\t\t\t\t<\/div>\n\t\t\t\t<\/div>\n\t\t\t\t<div class=\"elementor-element elementor-element-dd1b18d elementor-widget elementor-widget-post-info\" data-id=\"dd1b18d\" data-element_type=\"widget\" data-e-type=\"widget\" data-widget_type=\"post-info.default\">\n\t\t\t\t<div class=\"elementor-widget-container\">\n\t\t\t\t\t\t\t<ul class=\"elementor-icon-list-items elementor-post-info\">\n\t\t\t\t\t\t\t\t<li class=\"elementor-icon-list-item elementor-repeater-item-2d0b9a0\" itemprop=\"datePublished\">\n\t\t\t\t\t\t\t\t\t\t\t\t\t<span class=\"elementor-icon-list-text elementor-post-info__item elementor-post-info__item--type-date\">\n\t\t\t\t\t\t\t\t\t\t<time>Abril 1, 2026<\/time>\t\t\t\t\t<\/span>\n\t\t\t\t\t\t\t\t<\/li>\n\t\t\t\t<\/ul>\n\t\t\t\t\t\t<\/div>\n\t\t\t\t<\/div>\n\t\t\t\t<div class=\"elementor-element elementor-element-3b5a549 elementor-widget elementor-widget-text-editor\" data-id=\"3b5a549\" data-element_type=\"widget\" data-e-type=\"widget\" data-widget_type=\"text-editor.default\">\n\t\t\t\t<div class=\"elementor-widget-container\">\n\t\t\t\t\t\t\t\t\t<p class=\"paragraph\" style=\"vertical-align: baseline;\">Iniciativa pretende apoiar jovens investigadores a alavancar a sua carreira cient\u00edfica.<\/p>\t\t\t\t\t\t\t\t<\/div>\n\t\t\t\t<\/div>\n\t\t\t\t<div class=\"elementor-element elementor-element-3936c5f elementor-widget elementor-widget-image\" data-id=\"3936c5f\" data-element_type=\"widget\" data-e-type=\"widget\" data-widget_type=\"image.default\">\n\t\t\t\t<div class=\"elementor-widget-container\">\n\t\t\t\t\t\t\t\t\t\t\t\t<figure class=\"wp-caption\">\n\t\t\t\t\t\t\t\t\t\t<img fetchpriority=\"high\" decoding=\"async\" width=\"1920\" height=\"1080\" src=\"https:\/\/rise-health.pt\/wp-content\/uploads\/2026\/04\/RISEStudentsDay2025_ApresentacaoFinal-1.png\" class=\"attachment-full size-full wp-image-6066\" alt=\"\" srcset=\"https:\/\/rise-health.pt\/wp-content\/uploads\/2026\/04\/RISEStudentsDay2025_ApresentacaoFinal-1.png 1920w, https:\/\/rise-health.pt\/wp-content\/uploads\/2026\/04\/RISEStudentsDay2025_ApresentacaoFinal-1-300x169.png 300w, https:\/\/rise-health.pt\/wp-content\/uploads\/2026\/04\/RISEStudentsDay2025_ApresentacaoFinal-1-1024x576.png 1024w, https:\/\/rise-health.pt\/wp-content\/uploads\/2026\/04\/RISEStudentsDay2025_ApresentacaoFinal-1-768x432.png 768w, https:\/\/rise-health.pt\/wp-content\/uploads\/2026\/04\/RISEStudentsDay2025_ApresentacaoFinal-1-1536x864.png 1536w\" sizes=\"(max-width: 1920px) 100vw, 1920px\" \/>\t\t\t\t\t\t\t\t\t\t\t<figcaption class=\"widget-image-caption wp-caption-text\"><\/figcaption>\n\t\t\t\t\t\t\t\t\t\t<\/figure>\n\t\t\t\t\t\t\t\t\t<\/div>\n\t\t\t\t<\/div>\n\t\t\t\t<div class=\"elementor-element elementor-element-50ce9c3 elementor-widget__width-initial elementor-widget elementor-widget-text-editor\" data-id=\"50ce9c3\" data-element_type=\"widget\" data-e-type=\"widget\" data-widget_type=\"text-editor.default\">\n\t\t\t\t<div class=\"elementor-widget-container\">\n\t\t\t\t\t\t\t\t\t<p>\u00a0<\/p><p>A Unidade de Investiga\u00e7\u00e3o RISE-Health vai organizar, no pr\u00f3ximo dia 30 de abril, na Faculdade de Medicina da Universidade do Porto, a 2.\u00aa edi\u00e7\u00e3o do RISE Students Day.<\/p><p>Sob o mote \u201cHealth Research and Innovation\u201d, a iniciativa da Comiss\u00e3o de Estudantes de Doutoramento da RISE-Health vai desafiar jovens estudantes a partilhar a ci\u00eancia que t\u00eam vindo a desenvolver.<\/p><p>A 2.\u00aa edi\u00e7\u00e3o do evento contar\u00e1 com a participa\u00e7\u00e3o de <strong>David Siqueira Magboul\u00e9<\/strong>, fundador da empresa LabtoMarket, atrav\u00e9s da qual tem vindo a apoiar mais de 200 <em>startups<\/em>, investigadores e cl\u00ednicos a levar as suas ideias ao mercado. No RISE Students\u2019 Day 2026, o tamb\u00e9m especialista da Universidade de Nottingham vai debru\u00e7ar-se sobre o processo de constru\u00e7\u00e3o de uma marca pessoal, abordando ainda a import\u00e2ncia de potenciar o impacto de cada trabalho cient\u00edfico.<\/p><p>O programa do RISE Students Day prev\u00ea a realiza\u00e7\u00e3o do \u201cMentors\u2019 Bingo!\u201d, uma atividade que pretende fomentar a comunica\u00e7\u00e3o cient\u00edfica, o pensamento cr\u00edtico e o networking. A realiza\u00e7\u00e3o da \u201cRISE Roundtables: Between Academia, Clinical Practice and Industry\u201d vai \u00a0desafiar os participantes a dar resposta a problemas cient\u00edficos.<\/p><p>A entrada no evento tem um valor simb\u00f3lico de cinco euros. Garanta o seu lugar <strong><a href=\"https:\/\/docs.google.com\/forms\/d\/e\/1FAIpQLSfTjRwcbMJlFB5ZgZsK7a-8Tds2LBtdz43Sewyc77T1qzIuKA\/viewform\">aqui<\/a><\/strong>.\u00a0<\/p><p><strong><a href=\"https:\/\/drive.google.com\/file\/d\/1CQs2LO3dXcZM86YmnGjE9MQyJi6KHgj2\/view?usp=sharing\">Programa do evento<\/a>.<\/strong><\/p>\t\t\t\t\t\t\t\t<\/div>\n\t\t\t\t<\/div>\n\t\t\t\t\t<\/div>\n\t\t<\/div>\n\t\t\t\t\t<\/div>\n\t\t<\/section>\n\t\t\t\t<\/div>\n\t\t","protected":false},"excerpt":{"rendered":"<p>Cerca de 300 investigadores de todo o pa\u00eds juntaram-se na Faculdade de Medicina da Universidade do Porto (FMUP), no dia 28 de junho, para participarem na 1.\u00aa Reuni\u00e3o de Trabalho da nova Unidade de Investiga\u00e7\u00e3o RISE-Health, nascida da fus\u00e3o de duas Unidades de Investiga\u00e7\u00e3o sediadas na FMUP, o CINTESIS e a UnIC, \u00e0s quais se juntaram o MedInUP e o CICS \u2013 Universidade da Beira Interior.<\/p>\n","protected":false},"author":6,"featured_media":6066,"comment_status":"closed","ping_status":"closed","sticky":false,"template":"elementor_header_footer","format":"standard","meta":{"footnotes":""},"categories":[16],"tags":[288,287,22],"class_list":["post-6065","post","type-post","status-publish","format-standard","has-post-thumbnail","hentry","category-noticias","tag-ced","tag-rise-students-day","tag-rise-health"],"yoast_head":"<!-- This site is optimized with the Yoast SEO plugin v27.4 - https:\/\/yoast.com\/product\/yoast-seo-wordpress\/ -->\n<title>RISE-Health organiza 2.\u00aa edi\u00e7\u00e3o do RISE Students\u2019 Day<\/title>\n<meta name=\"description\" content=\"Iniciativa pretende apoiar jovens investigadores a alavancar a sua carreira cient\u00edfica.\" \/>\n<meta name=\"robots\" content=\"index, follow, max-snippet:-1, max-image-preview:large, max-video-preview:-1\" \/>\n<link rel=\"canonical\" href=\"https:\/\/rise-health.pt\/pt-pt\/2026\/04\/01\/rise-health-organiza-2-a-edicao-do-rise-students-day\/\" \/>\n<meta property=\"og:locale\" content=\"pt_PT\" \/>\n<meta property=\"og:type\" content=\"article\" \/>\n<meta property=\"og:title\" content=\"RISE-Health organiza 2.\u00aa edi\u00e7\u00e3o do RISE Students\u2019 Day\" \/>\n<meta property=\"og:description\" content=\"Iniciativa pretende apoiar jovens investigadores a alavancar a sua carreira cient\u00edfica.\" \/>\n<meta property=\"og:url\" content=\"https:\/\/rise-health.pt\/pt-pt\/2026\/04\/01\/rise-health-organiza-2-a-edicao-do-rise-students-day\/\" \/>\n<meta property=\"og:site_name\" content=\"RISE Health\" \/>\n<meta property=\"article:published_time\" content=\"2026-04-01T10:56:49+00:00\" \/>\n<meta property=\"article:modified_time\" content=\"2026-04-01T10:58:06+00:00\" \/>\n<meta property=\"og:image\" content=\"https:\/\/rise-health.pt\/wp-content\/uploads\/2026\/04\/RISEStudentsDay2025_ApresentacaoFinal-1-1024x576.png\" \/>\n\t<meta property=\"og:image:width\" content=\"1024\" \/>\n\t<meta property=\"og:image:height\" content=\"576\" \/>\n\t<meta property=\"og:image:type\" content=\"image\/png\" \/>\n<meta name=\"author\" content=\"Milaydis Sosa Napolskij\" \/>\n<meta name=\"twitter:card\" content=\"summary_large_image\" \/>\n<meta name=\"twitter:label1\" content=\"Escrito por\" \/>\n\t<meta name=\"twitter:data1\" content=\"Milaydis Sosa Napolskij\" \/>\n\t<meta name=\"twitter:label2\" content=\"Tempo estimado de leitura\" \/>\n\t<meta name=\"twitter:data2\" content=\"2 minutos\" \/>\n<script type=\"application\/ld+json\" class=\"yoast-schema-graph\">{\"@context\":\"https:\\\/\\\/schema.org\",\"@graph\":[{\"@type\":\"Article\",\"@id\":\"https:\\\/\\\/rise-health.pt\\\/pt-pt\\\/2026\\\/04\\\/01\\\/rise-health-organiza-2-a-edicao-do-rise-students-day\\\/#article\",\"isPartOf\":{\"@id\":\"https:\\\/\\\/rise-health.pt\\\/pt-pt\\\/2026\\\/04\\\/01\\\/rise-health-organiza-2-a-edicao-do-rise-students-day\\\/\"},\"author\":{\"name\":\"Milaydis Sosa Napolskij\",\"@id\":\"https:\\\/\\\/rise-health.pt\\\/pt-pt\\\/#\\\/schema\\\/person\\\/3cd0c8910cd5a8ae407735b235db9dff\"},\"headline\":\"RISE-Health organiza 2.\u00aa edi\u00e7\u00e3o do RISE Students\u2019 Day\",\"datePublished\":\"2026-04-01T10:56:49+00:00\",\"dateModified\":\"2026-04-01T10:58:06+00:00\",\"mainEntityOfPage\":{\"@id\":\"https:\\\/\\\/rise-health.pt\\\/pt-pt\\\/2026\\\/04\\\/01\\\/rise-health-organiza-2-a-edicao-do-rise-students-day\\\/\"},\"wordCount\":242,\"publisher\":{\"@id\":\"https:\\\/\\\/rise-health.pt\\\/pt-pt\\\/#organization\"},\"image\":{\"@id\":\"https:\\\/\\\/rise-health.pt\\\/pt-pt\\\/2026\\\/04\\\/01\\\/rise-health-organiza-2-a-edicao-do-rise-students-day\\\/#primaryimage\"},\"thumbnailUrl\":\"https:\\\/\\\/rise-health.pt\\\/wp-content\\\/uploads\\\/2026\\\/04\\\/RISEStudentsDay2025_ApresentacaoFinal-1.png\",\"keywords\":[\"CED\",\"RISE Students' Day\",\"RISE-Health\"],\"articleSection\":[\"Not\u00edcias\"],\"inLanguage\":\"pt-PT\"},{\"@type\":\"WebPage\",\"@id\":\"https:\\\/\\\/rise-health.pt\\\/pt-pt\\\/2026\\\/04\\\/01\\\/rise-health-organiza-2-a-edicao-do-rise-students-day\\\/\",\"url\":\"https:\\\/\\\/rise-health.pt\\\/pt-pt\\\/2026\\\/04\\\/01\\\/rise-health-organiza-2-a-edicao-do-rise-students-day\\\/\",\"name\":\"RISE-Health organiza 2.\u00aa edi\u00e7\u00e3o do RISE Students\u2019 Day\",\"isPartOf\":{\"@id\":\"https:\\\/\\\/rise-health.pt\\\/pt-pt\\\/#website\"},\"primaryImageOfPage\":{\"@id\":\"https:\\\/\\\/rise-health.pt\\\/pt-pt\\\/2026\\\/04\\\/01\\\/rise-health-organiza-2-a-edicao-do-rise-students-day\\\/#primaryimage\"},\"image\":{\"@id\":\"https:\\\/\\\/rise-health.pt\\\/pt-pt\\\/2026\\\/04\\\/01\\\/rise-health-organiza-2-a-edicao-do-rise-students-day\\\/#primaryimage\"},\"thumbnailUrl\":\"https:\\\/\\\/rise-health.pt\\\/wp-content\\\/uploads\\\/2026\\\/04\\\/RISEStudentsDay2025_ApresentacaoFinal-1.png\",\"datePublished\":\"2026-04-01T10:56:49+00:00\",\"dateModified\":\"2026-04-01T10:58:06+00:00\",\"description\":\"Iniciativa pretende apoiar jovens investigadores a alavancar a sua carreira cient\u00edfica.\",\"breadcrumb\":{\"@id\":\"https:\\\/\\\/rise-health.pt\\\/pt-pt\\\/2026\\\/04\\\/01\\\/rise-health-organiza-2-a-edicao-do-rise-students-day\\\/#breadcrumb\"},\"inLanguage\":\"pt-PT\",\"potentialAction\":[{\"@type\":\"ReadAction\",\"target\":[\"https:\\\/\\\/rise-health.pt\\\/pt-pt\\\/2026\\\/04\\\/01\\\/rise-health-organiza-2-a-edicao-do-rise-students-day\\\/\"]}]},{\"@type\":\"ImageObject\",\"inLanguage\":\"pt-PT\",\"@id\":\"https:\\\/\\\/rise-health.pt\\\/pt-pt\\\/2026\\\/04\\\/01\\\/rise-health-organiza-2-a-edicao-do-rise-students-day\\\/#primaryimage\",\"url\":\"https:\\\/\\\/rise-health.pt\\\/wp-content\\\/uploads\\\/2026\\\/04\\\/RISEStudentsDay2025_ApresentacaoFinal-1.png\",\"contentUrl\":\"https:\\\/\\\/rise-health.pt\\\/wp-content\\\/uploads\\\/2026\\\/04\\\/RISEStudentsDay2025_ApresentacaoFinal-1.png\",\"width\":1920,\"height\":1080},{\"@type\":\"BreadcrumbList\",\"@id\":\"https:\\\/\\\/rise-health.pt\\\/pt-pt\\\/2026\\\/04\\\/01\\\/rise-health-organiza-2-a-edicao-do-rise-students-day\\\/#breadcrumb\",\"itemListElement\":[{\"@type\":\"ListItem\",\"position\":1,\"name\":\"Not\u00edcias\",\"item\":\"https:\\\/\\\/rise-health.pt\\\/pt-pt\\\/category\\\/noticias\\\/\"},{\"@type\":\"ListItem\",\"position\":2,\"name\":\"RISE-Health organiza 2.\u00aa edi\u00e7\u00e3o do RISE Students\u2019 Day\"}]},{\"@type\":\"WebSite\",\"@id\":\"https:\\\/\\\/rise-health.pt\\\/pt-pt\\\/#website\",\"url\":\"https:\\\/\\\/rise-health.pt\\\/pt-pt\\\/\",\"name\":\"RISE Health\",\"description\":\"RISE Health\",\"publisher\":{\"@id\":\"https:\\\/\\\/rise-health.pt\\\/pt-pt\\\/#organization\"},\"potentialAction\":[{\"@type\":\"SearchAction\",\"target\":{\"@type\":\"EntryPoint\",\"urlTemplate\":\"https:\\\/\\\/rise-health.pt\\\/pt-pt\\\/?s={search_term_string}\"},\"query-input\":{\"@type\":\"PropertyValueSpecification\",\"valueRequired\":true,\"valueName\":\"search_term_string\"}}],\"inLanguage\":\"pt-PT\"},{\"@type\":\"Organization\",\"@id\":\"https:\\\/\\\/rise-health.pt\\\/pt-pt\\\/#organization\",\"name\":\"Rise Health\",\"url\":\"https:\\\/\\\/rise-health.pt\\\/pt-pt\\\/\",\"logo\":{\"@type\":\"ImageObject\",\"inLanguage\":\"pt-PT\",\"@id\":\"https:\\\/\\\/rise-health.pt\\\/pt-pt\\\/#\\\/schema\\\/logo\\\/image\\\/\",\"url\":\"https:\\\/\\\/rise-health.pt\\\/wp-content\\\/uploads\\\/2024\\\/07\\\/Logo-SVG.svg\",\"contentUrl\":\"https:\\\/\\\/rise-health.pt\\\/wp-content\\\/uploads\\\/2024\\\/07\\\/Logo-SVG.svg\",\"width\":220,\"height\":41,\"caption\":\"Rise Health\"},\"image\":{\"@id\":\"https:\\\/\\\/rise-health.pt\\\/pt-pt\\\/#\\\/schema\\\/logo\\\/image\\\/\"}},{\"@type\":\"Person\",\"@id\":\"https:\\\/\\\/rise-health.pt\\\/pt-pt\\\/#\\\/schema\\\/person\\\/3cd0c8910cd5a8ae407735b235db9dff\",\"name\":\"Milaydis Sosa Napolskij\",\"image\":{\"@type\":\"ImageObject\",\"inLanguage\":\"pt-PT\",\"@id\":\"https:\\\/\\\/secure.gravatar.com\\\/avatar\\\/fbe01a1bf62d315ddf98417073d63920b16e7eb0b5ddb49bd78b2b6e3e794db4?s=96&d=mm&r=g\",\"url\":\"https:\\\/\\\/secure.gravatar.com\\\/avatar\\\/fbe01a1bf62d315ddf98417073d63920b16e7eb0b5ddb49bd78b2b6e3e794db4?s=96&d=mm&r=g\",\"contentUrl\":\"https:\\\/\\\/secure.gravatar.com\\\/avatar\\\/fbe01a1bf62d315ddf98417073d63920b16e7eb0b5ddb49bd78b2b6e3e794db4?s=96&d=mm&r=g\",\"caption\":\"Milaydis Sosa Napolskij\"},\"url\":\"https:\\\/\\\/rise-health.pt\\\/pt-pt\\\/author\\\/milaydis\\\/\"}]}<\/script>\n<!-- \/ Yoast SEO plugin. -->","yoast_head_json":{"title":"RISE-Health organiza 2.\u00aa edi\u00e7\u00e3o do RISE Students\u2019 Day","description":"Iniciativa pretende apoiar jovens investigadores a alavancar a sua carreira cient\u00edfica.","robots":{"index":"index","follow":"follow","max-snippet":"max-snippet:-1","max-image-preview":"max-image-preview:large","max-video-preview":"max-video-preview:-1"},"canonical":"https:\/\/rise-health.pt\/pt-pt\/2026\/04\/01\/rise-health-organiza-2-a-edicao-do-rise-students-day\/","og_locale":"pt_PT","og_type":"article","og_title":"RISE-Health organiza 2.\u00aa edi\u00e7\u00e3o do RISE Students\u2019 Day","og_description":"Iniciativa pretende apoiar jovens investigadores a alavancar a sua carreira cient\u00edfica.","og_url":"https:\/\/rise-health.pt\/pt-pt\/2026\/04\/01\/rise-health-organiza-2-a-edicao-do-rise-students-day\/","og_site_name":"RISE Health","article_published_time":"2026-04-01T10:56:49+00:00","article_modified_time":"2026-04-01T10:58:06+00:00","og_image":[{"width":1024,"height":576,"url":"https:\/\/rise-health.pt\/wp-content\/uploads\/2026\/04\/RISEStudentsDay2025_ApresentacaoFinal-1-1024x576.png","type":"image\/png"}],"author":"Milaydis Sosa Napolskij","twitter_card":"summary_large_image","twitter_misc":{"Escrito por":"Milaydis Sosa Napolskij","Tempo estimado de leitura":"2 minutos"},"schema":{"@context":"https:\/\/schema.org","@graph":[{"@type":"Article","@id":"https:\/\/rise-health.pt\/pt-pt\/2026\/04\/01\/rise-health-organiza-2-a-edicao-do-rise-students-day\/#article","isPartOf":{"@id":"https:\/\/rise-health.pt\/pt-pt\/2026\/04\/01\/rise-health-organiza-2-a-edicao-do-rise-students-day\/"},"author":{"name":"Milaydis Sosa Napolskij","@id":"https:\/\/rise-health.pt\/pt-pt\/#\/schema\/person\/3cd0c8910cd5a8ae407735b235db9dff"},"headline":"RISE-Health organiza 2.\u00aa edi\u00e7\u00e3o do RISE Students\u2019 Day","datePublished":"2026-04-01T10:56:49+00:00","dateModified":"2026-04-01T10:58:06+00:00","mainEntityOfPage":{"@id":"https:\/\/rise-health.pt\/pt-pt\/2026\/04\/01\/rise-health-organiza-2-a-edicao-do-rise-students-day\/"},"wordCount":242,"publisher":{"@id":"https:\/\/rise-health.pt\/pt-pt\/#organization"},"image":{"@id":"https:\/\/rise-health.pt\/pt-pt\/2026\/04\/01\/rise-health-organiza-2-a-edicao-do-rise-students-day\/#primaryimage"},"thumbnailUrl":"https:\/\/rise-health.pt\/wp-content\/uploads\/2026\/04\/RISEStudentsDay2025_ApresentacaoFinal-1.png","keywords":["CED","RISE Students' Day","RISE-Health"],"articleSection":["Not\u00edcias"],"inLanguage":"pt-PT"},{"@type":"WebPage","@id":"https:\/\/rise-health.pt\/pt-pt\/2026\/04\/01\/rise-health-organiza-2-a-edicao-do-rise-students-day\/","url":"https:\/\/rise-health.pt\/pt-pt\/2026\/04\/01\/rise-health-organiza-2-a-edicao-do-rise-students-day\/","name":"RISE-Health organiza 2.\u00aa edi\u00e7\u00e3o do RISE Students\u2019 Day","isPartOf":{"@id":"https:\/\/rise-health.pt\/pt-pt\/#website"},"primaryImageOfPage":{"@id":"https:\/\/rise-health.pt\/pt-pt\/2026\/04\/01\/rise-health-organiza-2-a-edicao-do-rise-students-day\/#primaryimage"},"image":{"@id":"https:\/\/rise-health.pt\/pt-pt\/2026\/04\/01\/rise-health-organiza-2-a-edicao-do-rise-students-day\/#primaryimage"},"thumbnailUrl":"https:\/\/rise-health.pt\/wp-content\/uploads\/2026\/04\/RISEStudentsDay2025_ApresentacaoFinal-1.png","datePublished":"2026-04-01T10:56:49+00:00","dateModified":"2026-04-01T10:58:06+00:00","description":"Iniciativa pretende apoiar jovens investigadores a alavancar a sua carreira cient\u00edfica.","breadcrumb":{"@id":"https:\/\/rise-health.pt\/pt-pt\/2026\/04\/01\/rise-health-organiza-2-a-edicao-do-rise-students-day\/#breadcrumb"},"inLanguage":"pt-PT","potentialAction":[{"@type":"ReadAction","target":["https:\/\/rise-health.pt\/pt-pt\/2026\/04\/01\/rise-health-organiza-2-a-edicao-do-rise-students-day\/"]}]},{"@type":"ImageObject","inLanguage":"pt-PT","@id":"https:\/\/rise-health.pt\/pt-pt\/2026\/04\/01\/rise-health-organiza-2-a-edicao-do-rise-students-day\/#primaryimage","url":"https:\/\/rise-health.pt\/wp-content\/uploads\/2026\/04\/RISEStudentsDay2025_ApresentacaoFinal-1.png","contentUrl":"https:\/\/rise-health.pt\/wp-content\/uploads\/2026\/04\/RISEStudentsDay2025_ApresentacaoFinal-1.png","width":1920,"height":1080},{"@type":"BreadcrumbList","@id":"https:\/\/rise-health.pt\/pt-pt\/2026\/04\/01\/rise-health-organiza-2-a-edicao-do-rise-students-day\/#breadcrumb","itemListElement":[{"@type":"ListItem","position":1,"name":"Not\u00edcias","item":"https:\/\/rise-health.pt\/pt-pt\/category\/noticias\/"},{"@type":"ListItem","position":2,"name":"RISE-Health organiza 2.\u00aa edi\u00e7\u00e3o do RISE Students\u2019 Day"}]},{"@type":"WebSite","@id":"https:\/\/rise-health.pt\/pt-pt\/#website","url":"https:\/\/rise-health.pt\/pt-pt\/","name":"RISE Health","description":"RISE Health","publisher":{"@id":"https:\/\/rise-health.pt\/pt-pt\/#organization"},"potentialAction":[{"@type":"SearchAction","target":{"@type":"EntryPoint","urlTemplate":"https:\/\/rise-health.pt\/pt-pt\/?s={search_term_string}"},"query-input":{"@type":"PropertyValueSpecification","valueRequired":true,"valueName":"search_term_string"}}],"inLanguage":"pt-PT"},{"@type":"Organization","@id":"https:\/\/rise-health.pt\/pt-pt\/#organization","name":"Rise Health","url":"https:\/\/rise-health.pt\/pt-pt\/","logo":{"@type":"ImageObject","inLanguage":"pt-PT","@id":"https:\/\/rise-health.pt\/pt-pt\/#\/schema\/logo\/image\/","url":"https:\/\/rise-health.pt\/wp-content\/uploads\/2024\/07\/Logo-SVG.svg","contentUrl":"https:\/\/rise-health.pt\/wp-content\/uploads\/2024\/07\/Logo-SVG.svg","width":220,"height":41,"caption":"Rise Health"},"image":{"@id":"https:\/\/rise-health.pt\/pt-pt\/#\/schema\/logo\/image\/"}},{"@type":"Person","@id":"https:\/\/rise-health.pt\/pt-pt\/#\/schema\/person\/3cd0c8910cd5a8ae407735b235db9dff","name":"Milaydis Sosa Napolskij","image":{"@type":"ImageObject","inLanguage":"pt-PT","@id":"https:\/\/secure.gravatar.com\/avatar\/fbe01a1bf62d315ddf98417073d63920b16e7eb0b5ddb49bd78b2b6e3e794db4?s=96&d=mm&r=g","url":"https:\/\/secure.gravatar.com\/avatar\/fbe01a1bf62d315ddf98417073d63920b16e7eb0b5ddb49bd78b2b6e3e794db4?s=96&d=mm&r=g","contentUrl":"https:\/\/secure.gravatar.com\/avatar\/fbe01a1bf62d315ddf98417073d63920b16e7eb0b5ddb49bd78b2b6e3e794db4?s=96&d=mm&r=g","caption":"Milaydis Sosa Napolskij"},"url":"https:\/\/rise-health.pt\/pt-pt\/author\/milaydis\/"}]}},"_links":{"self":[{"href":"https:\/\/rise-health.pt\/pt-pt\/wp-json\/wp\/v2\/posts\/6065","targetHints":{"allow":["GET"]}}],"collection":[{"href":"https:\/\/rise-health.pt\/pt-pt\/wp-json\/wp\/v2\/posts"}],"about":[{"href":"https:\/\/rise-health.pt\/pt-pt\/wp-json\/wp\/v2\/types\/post"}],"author":[{"embeddable":true,"href":"https:\/\/rise-health.pt\/pt-pt\/wp-json\/wp\/v2\/users\/6"}],"replies":[{"embeddable":true,"href":"https:\/\/rise-health.pt\/pt-pt\/wp-json\/wp\/v2\/comments?post=6065"}],"version-history":[{"count":7,"href":"https:\/\/rise-health.pt\/pt-pt\/wp-json\/wp\/v2\/posts\/6065\/revisions"}],"predecessor-version":[{"id":6073,"href":"https:\/\/rise-health.pt\/pt-pt\/wp-json\/wp\/v2\/posts\/6065\/revisions\/6073"}],"wp:featuredmedia":[{"embeddable":true,"href":"https:\/\/rise-health.pt\/pt-pt\/wp-json\/wp\/v2\/media\/6066"}],"wp:attachment":[{"href":"https:\/\/rise-health.pt\/pt-pt\/wp-json\/wp\/v2\/media?parent=6065"}],"wp:term":[{"taxonomy":"category","embeddable":true,"href":"https:\/\/rise-health.pt\/pt-pt\/wp-json\/wp\/v2\/categories?post=6065"},{"taxonomy":"post_tag","embeddable":true,"href":"https:\/\/rise-health.pt\/pt-pt\/wp-json\/wp\/v2\/tags?post=6065"}],"curies":[{"name":"wp","href":"https:\/\/api.w.org\/{rel}","templated":true}]}}