{"id":6046,"date":"2026-03-27T10:28:56","date_gmt":"2026-03-27T10:28:56","guid":{"rendered":"https:\/\/rise-health.pt\/?p=6046"},"modified":"2026-04-01T16:41:44","modified_gmt":"2026-04-01T16:41:44","slug":"rise-health-apoia-nova-edicao-do-nursid","status":"publish","type":"post","link":"https:\/\/rise-health.pt\/pt-pt\/2026\/03\/27\/rise-health-apoia-nova-edicao-do-nursid\/","title":{"rendered":"RISE-Health apoia nova edi\u00e7\u00e3o do NursID"},"content":{"rendered":"\t\t<div data-elementor-type=\"wp-post\" data-elementor-id=\"6046\" class=\"elementor elementor-6046\" data-elementor-post-type=\"post\">\n\t\t\t\t\t\t<section class=\"elementor-section elementor-top-section elementor-element elementor-element-dc029db elementor-section-boxed elementor-section-height-default elementor-section-height-default\" data-id=\"dc029db\" data-element_type=\"section\" data-e-type=\"section\" data-settings=\"{&quot;background_background&quot;:&quot;classic&quot;}\">\n\t\t\t\t\t\t\t<div class=\"elementor-background-overlay\"><\/div>\n\t\t\t\t\t\t\t<div class=\"elementor-container elementor-column-gap-default\">\n\t\t\t\t\t<div class=\"elementor-column elementor-col-100 elementor-top-column elementor-element elementor-element-005bb9f\" data-id=\"005bb9f\" data-element_type=\"column\" data-e-type=\"column\">\n\t\t\t<div class=\"elementor-widget-wrap elementor-element-populated\">\n\t\t\t\t\t\t<div class=\"elementor-element elementor-element-4b97ef1 elementor-widget elementor-widget-breadcrumbs\" data-id=\"4b97ef1\" data-element_type=\"widget\" data-e-type=\"widget\" data-widget_type=\"breadcrumbs.default\">\n\t\t\t\t<div class=\"elementor-widget-container\">\n\t\t\t\t\t<p id=\"breadcrumbs\"><\/p>\t\t\t\t<\/div>\n\t\t\t\t<\/div>\n\t\t\t\t<div class=\"elementor-element elementor-element-17e22a1 elementor-widget elementor-widget-heading\" data-id=\"17e22a1\" data-element_type=\"widget\" data-e-type=\"widget\" data-widget_type=\"heading.default\">\n\t\t\t\t<div class=\"elementor-widget-container\">\n\t\t\t\t\t<h2 class=\"elementor-heading-title elementor-size-default\">RISE-Health apoia nova edi\u00e7\u00e3o do NursID<\/h2>\t\t\t\t<\/div>\n\t\t\t\t<\/div>\n\t\t\t\t<div class=\"elementor-element elementor-element-dd1b18d elementor-widget elementor-widget-post-info\" data-id=\"dd1b18d\" data-element_type=\"widget\" data-e-type=\"widget\" data-widget_type=\"post-info.default\">\n\t\t\t\t<div class=\"elementor-widget-container\">\n\t\t\t\t\t\t\t<ul class=\"elementor-icon-list-items elementor-post-info\">\n\t\t\t\t\t\t\t\t<li class=\"elementor-icon-list-item elementor-repeater-item-2d0b9a0\" itemprop=\"datePublished\">\n\t\t\t\t\t\t\t\t\t\t\t\t\t<span class=\"elementor-icon-list-text elementor-post-info__item elementor-post-info__item--type-date\">\n\t\t\t\t\t\t\t\t\t\t<time>Mar\u00e7o 27, 2026<\/time>\t\t\t\t\t<\/span>\n\t\t\t\t\t\t\t\t<\/li>\n\t\t\t\t<\/ul>\n\t\t\t\t\t\t<\/div>\n\t\t\t\t<\/div>\n\t\t\t\t<div class=\"elementor-element elementor-element-3b5a549 elementor-widget elementor-widget-text-editor\" data-id=\"3b5a549\" data-element_type=\"widget\" data-e-type=\"widget\" data-widget_type=\"text-editor.default\">\n\t\t\t\t<div class=\"elementor-widget-container\">\n\t\t\t\t\t\t\t\t\t<p class=\"paragraph\" style=\"vertical-align: baseline;\">Iniciativa da Escola Superior de Enfermagem da Universidade do Porto regressa j\u00e1 no pr\u00f3ximo m\u00eas de maio.<\/p>\t\t\t\t\t\t\t\t<\/div>\n\t\t\t\t<\/div>\n\t\t\t\t<div class=\"elementor-element elementor-element-3936c5f elementor-widget elementor-widget-image\" data-id=\"3936c5f\" data-element_type=\"widget\" data-e-type=\"widget\" data-widget_type=\"image.default\">\n\t\t\t\t<div class=\"elementor-widget-container\">\n\t\t\t\t\t\t\t\t\t\t\t\t<figure class=\"wp-caption\">\n\t\t\t\t\t\t\t\t\t\t<img fetchpriority=\"high\" decoding=\"async\" width=\"900\" height=\"522\" src=\"https:\/\/rise-health.pt\/wp-content\/uploads\/2026\/03\/NursID2026_Completo.png\" class=\"attachment-full size-full wp-image-6048\" alt=\"NursID 2026\" srcset=\"https:\/\/rise-health.pt\/wp-content\/uploads\/2026\/03\/NursID2026_Completo.png 900w, https:\/\/rise-health.pt\/wp-content\/uploads\/2026\/03\/NursID2026_Completo-300x174.png 300w, https:\/\/rise-health.pt\/wp-content\/uploads\/2026\/03\/NursID2026_Completo-768x445.png 768w\" sizes=\"(max-width: 900px) 100vw, 900px\" \/>\t\t\t\t\t\t\t\t\t\t\t<figcaption class=\"widget-image-caption wp-caption-text\">Fotografia: Escola Superior de Enfermagem da Universidade do Porto<\/figcaption>\n\t\t\t\t\t\t\t\t\t\t<\/figure>\n\t\t\t\t\t\t\t\t\t<\/div>\n\t\t\t\t<\/div>\n\t\t\t\t<div class=\"elementor-element elementor-element-50ce9c3 elementor-widget__width-initial elementor-widget elementor-widget-text-editor\" data-id=\"50ce9c3\" data-element_type=\"widget\" data-e-type=\"widget\" data-widget_type=\"text-editor.default\">\n\t\t\t\t<div class=\"elementor-widget-container\">\n\t\t\t\t\t\t\t\t\t<p>\u00a0<\/p><p>Nos dias <strong>4 e 5 de maio<\/strong>, o <strong>NursID<\/strong> regressa \u00e0 <strong>Escola Superior<\/strong> <strong>de<\/strong> <strong>Enfermagem da Universidade do Porto (ESEP)<\/strong>, com o apoio da <strong>Unidade de Investiga\u00e7\u00e3o RISE-Health<\/strong>.<\/p><p>A iniciativa vai reunir profissionais de sa\u00fade, investigadores e docentes de renome para debater o futuro da investiga\u00e7\u00e3o e da enfermagem, apresentando-se, tamb\u00e9m como uma oportunidade para desenvolver compet\u00eancias na \u00e1rea da investiga\u00e7\u00e3o em sa\u00fade.<\/p><p>Sob o mote \u201c<strong>Investiga\u00e7\u00e3o em Enfermagem: Prioridades, Impacto e Inova\u00e7\u00e3o\u201d<\/strong>, o NursID 2026 contar\u00e1 com a participa\u00e7\u00e3o de <strong>Fernando Schmitt<\/strong>, diretor da Unidade de Investiga\u00e7\u00e3o RISE-Health.<\/p><p>A nova edi\u00e7\u00e3o do NursID vai abordar, atrav\u00e9s da realiza\u00e7\u00e3o de confer\u00eancias, mesas redondas, comunica\u00e7\u00f5es orais e p\u00f3steres, temas como as prioridades da investiga\u00e7\u00e3o centrada na enfermagem, financiamentos e redes de investiga\u00e7\u00e3o.<\/p><p><strong>Jos\u00e9 Miguel Padilha<\/strong>, diretor da ESEP, <strong>Teresa Martins<\/strong>, <strong>Wilson Abreu<\/strong>, <strong>Rosa Silva<\/strong> (RISE-Health\/ESEP) <strong>Tiago Jacinto<\/strong> (RISE-Health\/FMUP) e <strong>Maria Jo\u00e3o Oliveira<\/strong> (RISE-Health\/ICBAS-UP) s\u00e3o alguns dos investigadores da RISE-Health que v\u00e3o marcar presen\u00e7a na iniciativa.<\/p><p>Mais informa\u00e7\u00f5es sobre o evento, submiss\u00e3o de trabalhos e inscri\u00e7\u00f5es <a href=\"https:\/\/www.up.pt\/eventos\/event\/nursid26?from_unit=esep\"><strong>aqui<\/strong><\/a>.<\/p>\t\t\t\t\t\t\t\t<\/div>\n\t\t\t\t<\/div>\n\t\t\t\t\t<\/div>\n\t\t<\/div>\n\t\t\t\t\t<\/div>\n\t\t<\/section>\n\t\t\t\t<\/div>\n\t\t","protected":false},"excerpt":{"rendered":"<p>Cerca de 300 investigadores de todo o pa\u00eds juntaram-se na Faculdade de Medicina da Universidade do Porto (FMUP), no dia 28 de junho, para participarem na 1.\u00aa Reuni\u00e3o de Trabalho da nova Unidade de Investiga\u00e7\u00e3o RISE-Health, nascida da fus\u00e3o de duas Unidades de Investiga\u00e7\u00e3o sediadas na FMUP, o CINTESIS e a UnIC, \u00e0s quais se juntaram o MedInUP e o CICS \u2013 Universidade da Beira Interior.<\/p>\n","protected":false},"author":6,"featured_media":6048,"comment_status":"closed","ping_status":"closed","sticky":false,"template":"elementor_header_footer","format":"standard","meta":{"footnotes":""},"categories":[16],"tags":[284,203,275,285,286,22],"class_list":["post-6046","post","type-post","status-publish","format-standard","has-post-thumbnail","hentry","category-noticias","tag-congresso-internacional","tag-esep","tag-evento","tag-nursid","tag-nursid-2026","tag-rise-health"],"yoast_head":"<!-- This site is optimized with the Yoast SEO plugin v27.4 - https:\/\/yoast.com\/product\/yoast-seo-wordpress\/ -->\n<title>RISE-Health apoia nova edi\u00e7\u00e3o do NursID<\/title>\n<meta name=\"description\" content=\"Iniciativa da Escola Superior de Enfermagem da Universidade do Porto regressa j\u00e1 no pr\u00f3ximo m\u00eas de maio.\" \/>\n<meta name=\"robots\" content=\"index, follow, max-snippet:-1, max-image-preview:large, max-video-preview:-1\" \/>\n<link rel=\"canonical\" href=\"https:\/\/rise-health.pt\/pt-pt\/2026\/03\/27\/rise-health-apoia-nova-edicao-do-nursid\/\" \/>\n<meta property=\"og:locale\" content=\"pt_PT\" \/>\n<meta property=\"og:type\" content=\"article\" \/>\n<meta property=\"og:title\" content=\"RISE-Health apoia nova edi\u00e7\u00e3o do NursID\" \/>\n<meta property=\"og:description\" content=\"Iniciativa da Escola Superior de Enfermagem da Universidade do Porto regressa j\u00e1 no pr\u00f3ximo m\u00eas de maio.\" \/>\n<meta property=\"og:url\" content=\"https:\/\/rise-health.pt\/pt-pt\/2026\/03\/27\/rise-health-apoia-nova-edicao-do-nursid\/\" \/>\n<meta property=\"og:site_name\" content=\"RISE Health\" \/>\n<meta property=\"article:published_time\" content=\"2026-03-27T10:28:56+00:00\" \/>\n<meta property=\"article:modified_time\" content=\"2026-04-01T16:41:44+00:00\" \/>\n<meta property=\"og:image\" content=\"https:\/\/rise-health.pt\/wp-content\/uploads\/2026\/03\/NursID2026_Completo.png\" \/>\n\t<meta property=\"og:image:width\" content=\"900\" \/>\n\t<meta property=\"og:image:height\" content=\"522\" \/>\n\t<meta property=\"og:image:type\" content=\"image\/png\" \/>\n<meta name=\"author\" content=\"Milaydis Sosa Napolskij\" \/>\n<meta name=\"twitter:card\" content=\"summary_large_image\" \/>\n<meta name=\"twitter:label1\" content=\"Escrito por\" \/>\n\t<meta name=\"twitter:data1\" content=\"Milaydis Sosa Napolskij\" \/>\n\t<meta name=\"twitter:label2\" content=\"Tempo estimado de leitura\" \/>\n\t<meta name=\"twitter:data2\" content=\"2 minutos\" \/>\n<script type=\"application\/ld+json\" class=\"yoast-schema-graph\">{\"@context\":\"https:\\\/\\\/schema.org\",\"@graph\":[{\"@type\":\"Article\",\"@id\":\"https:\\\/\\\/rise-health.pt\\\/pt-pt\\\/2026\\\/03\\\/27\\\/rise-health-apoia-nova-edicao-do-nursid\\\/#article\",\"isPartOf\":{\"@id\":\"https:\\\/\\\/rise-health.pt\\\/pt-pt\\\/2026\\\/03\\\/27\\\/rise-health-apoia-nova-edicao-do-nursid\\\/\"},\"author\":{\"name\":\"Milaydis Sosa Napolskij\",\"@id\":\"https:\\\/\\\/rise-health.pt\\\/pt-pt\\\/#\\\/schema\\\/person\\\/3cd0c8910cd5a8ae407735b235db9dff\"},\"headline\":\"RISE-Health apoia nova edi\u00e7\u00e3o do NursID\",\"datePublished\":\"2026-03-27T10:28:56+00:00\",\"dateModified\":\"2026-04-01T16:41:44+00:00\",\"mainEntityOfPage\":{\"@id\":\"https:\\\/\\\/rise-health.pt\\\/pt-pt\\\/2026\\\/03\\\/27\\\/rise-health-apoia-nova-edicao-do-nursid\\\/\"},\"wordCount\":232,\"publisher\":{\"@id\":\"https:\\\/\\\/rise-health.pt\\\/pt-pt\\\/#organization\"},\"image\":{\"@id\":\"https:\\\/\\\/rise-health.pt\\\/pt-pt\\\/2026\\\/03\\\/27\\\/rise-health-apoia-nova-edicao-do-nursid\\\/#primaryimage\"},\"thumbnailUrl\":\"https:\\\/\\\/rise-health.pt\\\/wp-content\\\/uploads\\\/2026\\\/03\\\/NursID2026_Completo.png\",\"keywords\":[\"Congresso Internacional\",\"ESEP\",\"Evento\",\"NursID\",\"NursID 2026\",\"RISE-Health\"],\"articleSection\":[\"Not\u00edcias\"],\"inLanguage\":\"pt-PT\"},{\"@type\":\"WebPage\",\"@id\":\"https:\\\/\\\/rise-health.pt\\\/pt-pt\\\/2026\\\/03\\\/27\\\/rise-health-apoia-nova-edicao-do-nursid\\\/\",\"url\":\"https:\\\/\\\/rise-health.pt\\\/pt-pt\\\/2026\\\/03\\\/27\\\/rise-health-apoia-nova-edicao-do-nursid\\\/\",\"name\":\"RISE-Health apoia nova edi\u00e7\u00e3o do NursID\",\"isPartOf\":{\"@id\":\"https:\\\/\\\/rise-health.pt\\\/pt-pt\\\/#website\"},\"primaryImageOfPage\":{\"@id\":\"https:\\\/\\\/rise-health.pt\\\/pt-pt\\\/2026\\\/03\\\/27\\\/rise-health-apoia-nova-edicao-do-nursid\\\/#primaryimage\"},\"image\":{\"@id\":\"https:\\\/\\\/rise-health.pt\\\/pt-pt\\\/2026\\\/03\\\/27\\\/rise-health-apoia-nova-edicao-do-nursid\\\/#primaryimage\"},\"thumbnailUrl\":\"https:\\\/\\\/rise-health.pt\\\/wp-content\\\/uploads\\\/2026\\\/03\\\/NursID2026_Completo.png\",\"datePublished\":\"2026-03-27T10:28:56+00:00\",\"dateModified\":\"2026-04-01T16:41:44+00:00\",\"description\":\"Iniciativa da Escola Superior de Enfermagem da Universidade do Porto regressa j\u00e1 no pr\u00f3ximo m\u00eas de maio.\",\"breadcrumb\":{\"@id\":\"https:\\\/\\\/rise-health.pt\\\/pt-pt\\\/2026\\\/03\\\/27\\\/rise-health-apoia-nova-edicao-do-nursid\\\/#breadcrumb\"},\"inLanguage\":\"pt-PT\",\"potentialAction\":[{\"@type\":\"ReadAction\",\"target\":[\"https:\\\/\\\/rise-health.pt\\\/pt-pt\\\/2026\\\/03\\\/27\\\/rise-health-apoia-nova-edicao-do-nursid\\\/\"]}]},{\"@type\":\"ImageObject\",\"inLanguage\":\"pt-PT\",\"@id\":\"https:\\\/\\\/rise-health.pt\\\/pt-pt\\\/2026\\\/03\\\/27\\\/rise-health-apoia-nova-edicao-do-nursid\\\/#primaryimage\",\"url\":\"https:\\\/\\\/rise-health.pt\\\/wp-content\\\/uploads\\\/2026\\\/03\\\/NursID2026_Completo.png\",\"contentUrl\":\"https:\\\/\\\/rise-health.pt\\\/wp-content\\\/uploads\\\/2026\\\/03\\\/NursID2026_Completo.png\",\"width\":900,\"height\":522,\"caption\":\"Fotografia: Escola Superior de Enfermagem da Universidade do Porto\"},{\"@type\":\"BreadcrumbList\",\"@id\":\"https:\\\/\\\/rise-health.pt\\\/pt-pt\\\/2026\\\/03\\\/27\\\/rise-health-apoia-nova-edicao-do-nursid\\\/#breadcrumb\",\"itemListElement\":[{\"@type\":\"ListItem\",\"position\":1,\"name\":\"Not\u00edcias\",\"item\":\"https:\\\/\\\/rise-health.pt\\\/pt-pt\\\/category\\\/noticias\\\/\"},{\"@type\":\"ListItem\",\"position\":2,\"name\":\"RISE-Health apoia nova edi\u00e7\u00e3o do NursID\"}]},{\"@type\":\"WebSite\",\"@id\":\"https:\\\/\\\/rise-health.pt\\\/pt-pt\\\/#website\",\"url\":\"https:\\\/\\\/rise-health.pt\\\/pt-pt\\\/\",\"name\":\"RISE Health\",\"description\":\"RISE Health\",\"publisher\":{\"@id\":\"https:\\\/\\\/rise-health.pt\\\/pt-pt\\\/#organization\"},\"potentialAction\":[{\"@type\":\"SearchAction\",\"target\":{\"@type\":\"EntryPoint\",\"urlTemplate\":\"https:\\\/\\\/rise-health.pt\\\/pt-pt\\\/?s={search_term_string}\"},\"query-input\":{\"@type\":\"PropertyValueSpecification\",\"valueRequired\":true,\"valueName\":\"search_term_string\"}}],\"inLanguage\":\"pt-PT\"},{\"@type\":\"Organization\",\"@id\":\"https:\\\/\\\/rise-health.pt\\\/pt-pt\\\/#organization\",\"name\":\"Rise Health\",\"url\":\"https:\\\/\\\/rise-health.pt\\\/pt-pt\\\/\",\"logo\":{\"@type\":\"ImageObject\",\"inLanguage\":\"pt-PT\",\"@id\":\"https:\\\/\\\/rise-health.pt\\\/pt-pt\\\/#\\\/schema\\\/logo\\\/image\\\/\",\"url\":\"https:\\\/\\\/rise-health.pt\\\/wp-content\\\/uploads\\\/2024\\\/07\\\/Logo-SVG.svg\",\"contentUrl\":\"https:\\\/\\\/rise-health.pt\\\/wp-content\\\/uploads\\\/2024\\\/07\\\/Logo-SVG.svg\",\"width\":220,\"height\":41,\"caption\":\"Rise Health\"},\"image\":{\"@id\":\"https:\\\/\\\/rise-health.pt\\\/pt-pt\\\/#\\\/schema\\\/logo\\\/image\\\/\"}},{\"@type\":\"Person\",\"@id\":\"https:\\\/\\\/rise-health.pt\\\/pt-pt\\\/#\\\/schema\\\/person\\\/3cd0c8910cd5a8ae407735b235db9dff\",\"name\":\"Milaydis Sosa Napolskij\",\"image\":{\"@type\":\"ImageObject\",\"inLanguage\":\"pt-PT\",\"@id\":\"https:\\\/\\\/secure.gravatar.com\\\/avatar\\\/fbe01a1bf62d315ddf98417073d63920b16e7eb0b5ddb49bd78b2b6e3e794db4?s=96&d=mm&r=g\",\"url\":\"https:\\\/\\\/secure.gravatar.com\\\/avatar\\\/fbe01a1bf62d315ddf98417073d63920b16e7eb0b5ddb49bd78b2b6e3e794db4?s=96&d=mm&r=g\",\"contentUrl\":\"https:\\\/\\\/secure.gravatar.com\\\/avatar\\\/fbe01a1bf62d315ddf98417073d63920b16e7eb0b5ddb49bd78b2b6e3e794db4?s=96&d=mm&r=g\",\"caption\":\"Milaydis Sosa Napolskij\"},\"url\":\"https:\\\/\\\/rise-health.pt\\\/pt-pt\\\/author\\\/milaydis\\\/\"}]}<\/script>\n<!-- \/ Yoast SEO plugin. -->","yoast_head_json":{"title":"RISE-Health apoia nova edi\u00e7\u00e3o do NursID","description":"Iniciativa da Escola Superior de Enfermagem da Universidade do Porto regressa j\u00e1 no pr\u00f3ximo m\u00eas de maio.","robots":{"index":"index","follow":"follow","max-snippet":"max-snippet:-1","max-image-preview":"max-image-preview:large","max-video-preview":"max-video-preview:-1"},"canonical":"https:\/\/rise-health.pt\/pt-pt\/2026\/03\/27\/rise-health-apoia-nova-edicao-do-nursid\/","og_locale":"pt_PT","og_type":"article","og_title":"RISE-Health apoia nova edi\u00e7\u00e3o do NursID","og_description":"Iniciativa da Escola Superior de Enfermagem da Universidade do Porto regressa j\u00e1 no pr\u00f3ximo m\u00eas de maio.","og_url":"https:\/\/rise-health.pt\/pt-pt\/2026\/03\/27\/rise-health-apoia-nova-edicao-do-nursid\/","og_site_name":"RISE Health","article_published_time":"2026-03-27T10:28:56+00:00","article_modified_time":"2026-04-01T16:41:44+00:00","og_image":[{"width":900,"height":522,"url":"https:\/\/rise-health.pt\/wp-content\/uploads\/2026\/03\/NursID2026_Completo.png","type":"image\/png"}],"author":"Milaydis Sosa Napolskij","twitter_card":"summary_large_image","twitter_misc":{"Escrito por":"Milaydis Sosa Napolskij","Tempo estimado de leitura":"2 minutos"},"schema":{"@context":"https:\/\/schema.org","@graph":[{"@type":"Article","@id":"https:\/\/rise-health.pt\/pt-pt\/2026\/03\/27\/rise-health-apoia-nova-edicao-do-nursid\/#article","isPartOf":{"@id":"https:\/\/rise-health.pt\/pt-pt\/2026\/03\/27\/rise-health-apoia-nova-edicao-do-nursid\/"},"author":{"name":"Milaydis Sosa Napolskij","@id":"https:\/\/rise-health.pt\/pt-pt\/#\/schema\/person\/3cd0c8910cd5a8ae407735b235db9dff"},"headline":"RISE-Health apoia nova edi\u00e7\u00e3o do NursID","datePublished":"2026-03-27T10:28:56+00:00","dateModified":"2026-04-01T16:41:44+00:00","mainEntityOfPage":{"@id":"https:\/\/rise-health.pt\/pt-pt\/2026\/03\/27\/rise-health-apoia-nova-edicao-do-nursid\/"},"wordCount":232,"publisher":{"@id":"https:\/\/rise-health.pt\/pt-pt\/#organization"},"image":{"@id":"https:\/\/rise-health.pt\/pt-pt\/2026\/03\/27\/rise-health-apoia-nova-edicao-do-nursid\/#primaryimage"},"thumbnailUrl":"https:\/\/rise-health.pt\/wp-content\/uploads\/2026\/03\/NursID2026_Completo.png","keywords":["Congresso Internacional","ESEP","Evento","NursID","NursID 2026","RISE-Health"],"articleSection":["Not\u00edcias"],"inLanguage":"pt-PT"},{"@type":"WebPage","@id":"https:\/\/rise-health.pt\/pt-pt\/2026\/03\/27\/rise-health-apoia-nova-edicao-do-nursid\/","url":"https:\/\/rise-health.pt\/pt-pt\/2026\/03\/27\/rise-health-apoia-nova-edicao-do-nursid\/","name":"RISE-Health apoia nova edi\u00e7\u00e3o do NursID","isPartOf":{"@id":"https:\/\/rise-health.pt\/pt-pt\/#website"},"primaryImageOfPage":{"@id":"https:\/\/rise-health.pt\/pt-pt\/2026\/03\/27\/rise-health-apoia-nova-edicao-do-nursid\/#primaryimage"},"image":{"@id":"https:\/\/rise-health.pt\/pt-pt\/2026\/03\/27\/rise-health-apoia-nova-edicao-do-nursid\/#primaryimage"},"thumbnailUrl":"https:\/\/rise-health.pt\/wp-content\/uploads\/2026\/03\/NursID2026_Completo.png","datePublished":"2026-03-27T10:28:56+00:00","dateModified":"2026-04-01T16:41:44+00:00","description":"Iniciativa da Escola Superior de Enfermagem da Universidade do Porto regressa j\u00e1 no pr\u00f3ximo m\u00eas de maio.","breadcrumb":{"@id":"https:\/\/rise-health.pt\/pt-pt\/2026\/03\/27\/rise-health-apoia-nova-edicao-do-nursid\/#breadcrumb"},"inLanguage":"pt-PT","potentialAction":[{"@type":"ReadAction","target":["https:\/\/rise-health.pt\/pt-pt\/2026\/03\/27\/rise-health-apoia-nova-edicao-do-nursid\/"]}]},{"@type":"ImageObject","inLanguage":"pt-PT","@id":"https:\/\/rise-health.pt\/pt-pt\/2026\/03\/27\/rise-health-apoia-nova-edicao-do-nursid\/#primaryimage","url":"https:\/\/rise-health.pt\/wp-content\/uploads\/2026\/03\/NursID2026_Completo.png","contentUrl":"https:\/\/rise-health.pt\/wp-content\/uploads\/2026\/03\/NursID2026_Completo.png","width":900,"height":522,"caption":"Fotografia: Escola Superior de Enfermagem da Universidade do Porto"},{"@type":"BreadcrumbList","@id":"https:\/\/rise-health.pt\/pt-pt\/2026\/03\/27\/rise-health-apoia-nova-edicao-do-nursid\/#breadcrumb","itemListElement":[{"@type":"ListItem","position":1,"name":"Not\u00edcias","item":"https:\/\/rise-health.pt\/pt-pt\/category\/noticias\/"},{"@type":"ListItem","position":2,"name":"RISE-Health apoia nova edi\u00e7\u00e3o do NursID"}]},{"@type":"WebSite","@id":"https:\/\/rise-health.pt\/pt-pt\/#website","url":"https:\/\/rise-health.pt\/pt-pt\/","name":"RISE Health","description":"RISE Health","publisher":{"@id":"https:\/\/rise-health.pt\/pt-pt\/#organization"},"potentialAction":[{"@type":"SearchAction","target":{"@type":"EntryPoint","urlTemplate":"https:\/\/rise-health.pt\/pt-pt\/?s={search_term_string}"},"query-input":{"@type":"PropertyValueSpecification","valueRequired":true,"valueName":"search_term_string"}}],"inLanguage":"pt-PT"},{"@type":"Organization","@id":"https:\/\/rise-health.pt\/pt-pt\/#organization","name":"Rise Health","url":"https:\/\/rise-health.pt\/pt-pt\/","logo":{"@type":"ImageObject","inLanguage":"pt-PT","@id":"https:\/\/rise-health.pt\/pt-pt\/#\/schema\/logo\/image\/","url":"https:\/\/rise-health.pt\/wp-content\/uploads\/2024\/07\/Logo-SVG.svg","contentUrl":"https:\/\/rise-health.pt\/wp-content\/uploads\/2024\/07\/Logo-SVG.svg","width":220,"height":41,"caption":"Rise Health"},"image":{"@id":"https:\/\/rise-health.pt\/pt-pt\/#\/schema\/logo\/image\/"}},{"@type":"Person","@id":"https:\/\/rise-health.pt\/pt-pt\/#\/schema\/person\/3cd0c8910cd5a8ae407735b235db9dff","name":"Milaydis Sosa Napolskij","image":{"@type":"ImageObject","inLanguage":"pt-PT","@id":"https:\/\/secure.gravatar.com\/avatar\/fbe01a1bf62d315ddf98417073d63920b16e7eb0b5ddb49bd78b2b6e3e794db4?s=96&d=mm&r=g","url":"https:\/\/secure.gravatar.com\/avatar\/fbe01a1bf62d315ddf98417073d63920b16e7eb0b5ddb49bd78b2b6e3e794db4?s=96&d=mm&r=g","contentUrl":"https:\/\/secure.gravatar.com\/avatar\/fbe01a1bf62d315ddf98417073d63920b16e7eb0b5ddb49bd78b2b6e3e794db4?s=96&d=mm&r=g","caption":"Milaydis Sosa Napolskij"},"url":"https:\/\/rise-health.pt\/pt-pt\/author\/milaydis\/"}]}},"_links":{"self":[{"href":"https:\/\/rise-health.pt\/pt-pt\/wp-json\/wp\/v2\/posts\/6046","targetHints":{"allow":["GET"]}}],"collection":[{"href":"https:\/\/rise-health.pt\/pt-pt\/wp-json\/wp\/v2\/posts"}],"about":[{"href":"https:\/\/rise-health.pt\/pt-pt\/wp-json\/wp\/v2\/types\/post"}],"author":[{"embeddable":true,"href":"https:\/\/rise-health.pt\/pt-pt\/wp-json\/wp\/v2\/users\/6"}],"replies":[{"embeddable":true,"href":"https:\/\/rise-health.pt\/pt-pt\/wp-json\/wp\/v2\/comments?post=6046"}],"version-history":[{"count":11,"href":"https:\/\/rise-health.pt\/pt-pt\/wp-json\/wp\/v2\/posts\/6046\/revisions"}],"predecessor-version":[{"id":6076,"href":"https:\/\/rise-health.pt\/pt-pt\/wp-json\/wp\/v2\/posts\/6046\/revisions\/6076"}],"wp:featuredmedia":[{"embeddable":true,"href":"https:\/\/rise-health.pt\/pt-pt\/wp-json\/wp\/v2\/media\/6048"}],"wp:attachment":[{"href":"https:\/\/rise-health.pt\/pt-pt\/wp-json\/wp\/v2\/media?parent=6046"}],"wp:term":[{"taxonomy":"category","embeddable":true,"href":"https:\/\/rise-health.pt\/pt-pt\/wp-json\/wp\/v2\/categories?post=6046"},{"taxonomy":"post_tag","embeddable":true,"href":"https:\/\/rise-health.pt\/pt-pt\/wp-json\/wp\/v2\/tags?post=6046"}],"curies":[{"name":"wp","href":"https:\/\/api.w.org\/{rel}","templated":true}]}}