{"id":6018,"date":"2026-03-25T09:38:39","date_gmt":"2026-03-25T09:38:39","guid":{"rendered":"https:\/\/rise-health.pt\/?p=6018"},"modified":"2026-03-25T12:07:49","modified_gmt":"2026-03-25T12:07:49","slug":"entrevista-luis-taborda-barata","status":"publish","type":"post","link":"https:\/\/rise-health.pt\/pt-pt\/2026\/03\/25\/entrevista-luis-taborda-barata\/","title":{"rendered":"Entrevista | Lu\u00eds Taborda Barata"},"content":{"rendered":"\t\t<div data-elementor-type=\"wp-post\" data-elementor-id=\"6018\" class=\"elementor elementor-6018\" data-elementor-post-type=\"post\">\n\t\t\t\t\t\t<section class=\"elementor-section elementor-top-section elementor-element elementor-element-dc029db elementor-section-boxed elementor-section-height-default elementor-section-height-default\" data-id=\"dc029db\" data-element_type=\"section\" data-e-type=\"section\" data-settings=\"{&quot;background_background&quot;:&quot;classic&quot;}\">\n\t\t\t\t\t\t\t<div class=\"elementor-background-overlay\"><\/div>\n\t\t\t\t\t\t\t<div class=\"elementor-container elementor-column-gap-default\">\n\t\t\t\t\t<div class=\"elementor-column elementor-col-100 elementor-top-column elementor-element elementor-element-005bb9f\" data-id=\"005bb9f\" data-element_type=\"column\" data-e-type=\"column\">\n\t\t\t<div class=\"elementor-widget-wrap elementor-element-populated\">\n\t\t\t\t\t\t<div class=\"elementor-element elementor-element-4b97ef1 elementor-widget elementor-widget-breadcrumbs\" data-id=\"4b97ef1\" data-element_type=\"widget\" data-e-type=\"widget\" data-widget_type=\"breadcrumbs.default\">\n\t\t\t\t<div class=\"elementor-widget-container\">\n\t\t\t\t\t<p id=\"breadcrumbs\"><\/p>\t\t\t\t<\/div>\n\t\t\t\t<\/div>\n\t\t\t\t<div class=\"elementor-element elementor-element-17e22a1 elementor-widget elementor-widget-heading\" data-id=\"17e22a1\" data-element_type=\"widget\" data-e-type=\"widget\" data-widget_type=\"heading.default\">\n\t\t\t\t<div class=\"elementor-widget-container\">\n\t\t\t\t\t<h2 class=\"elementor-heading-title elementor-size-default\">Entrevista | Lu\u00eds Taborda Barata<\/h2>\t\t\t\t<\/div>\n\t\t\t\t<\/div>\n\t\t\t\t<div class=\"elementor-element elementor-element-dd1b18d elementor-widget elementor-widget-post-info\" data-id=\"dd1b18d\" data-element_type=\"widget\" data-e-type=\"widget\" data-widget_type=\"post-info.default\">\n\t\t\t\t<div class=\"elementor-widget-container\">\n\t\t\t\t\t\t\t<ul class=\"elementor-icon-list-items elementor-post-info\">\n\t\t\t\t\t\t\t\t<li class=\"elementor-icon-list-item elementor-repeater-item-2d0b9a0\" itemprop=\"datePublished\">\n\t\t\t\t\t\t\t\t\t\t\t\t\t<span class=\"elementor-icon-list-text elementor-post-info__item elementor-post-info__item--type-date\">\n\t\t\t\t\t\t\t\t\t\t<time>Mar\u00e7o 25, 2026<\/time>\t\t\t\t\t<\/span>\n\t\t\t\t\t\t\t\t<\/li>\n\t\t\t\t<\/ul>\n\t\t\t\t\t\t<\/div>\n\t\t\t\t<\/div>\n\t\t\t\t<div class=\"elementor-element elementor-element-3b5a549 elementor-widget elementor-widget-text-editor\" data-id=\"3b5a549\" data-element_type=\"widget\" data-e-type=\"widget\" data-widget_type=\"text-editor.default\">\n\t\t\t\t<div class=\"elementor-widget-container\">\n\t\t\t\t\t\t\t\t\t<p><strong>Coordenador da Linha Tem\u00e1tica 3 \u2013 Hormonas, Infe\u00e7\u00e3o, Inflama\u00e7\u00e3o e Metabolismo da Unidade de Investiga\u00e7\u00e3o RISE-Health<\/strong> e Professor Catedr\u00e1tico na Faculdade de Ci\u00eancias da Sa\u00fade da Universidade da Beira Interior (UBI).<\/p>\t\t\t\t\t\t\t\t<\/div>\n\t\t\t\t<\/div>\n\t\t\t\t<div class=\"elementor-element elementor-element-3936c5f elementor-widget elementor-widget-image\" data-id=\"3936c5f\" data-element_type=\"widget\" data-e-type=\"widget\" data-widget_type=\"image.default\">\n\t\t\t\t<div class=\"elementor-widget-container\">\n\t\t\t\t\t\t\t\t\t\t\t\t\t\t\t<img fetchpriority=\"high\" decoding=\"async\" width=\"1879\" height=\"1080\" src=\"https:\/\/rise-health.pt\/wp-content\/uploads\/2026\/03\/Taborda_Barata.png\" class=\"attachment-full size-full wp-image-6019\" alt=\"\" srcset=\"https:\/\/rise-health.pt\/wp-content\/uploads\/2026\/03\/Taborda_Barata.png 1879w, https:\/\/rise-health.pt\/wp-content\/uploads\/2026\/03\/Taborda_Barata-300x172.png 300w, https:\/\/rise-health.pt\/wp-content\/uploads\/2026\/03\/Taborda_Barata-1024x589.png 1024w, https:\/\/rise-health.pt\/wp-content\/uploads\/2026\/03\/Taborda_Barata-768x441.png 768w, https:\/\/rise-health.pt\/wp-content\/uploads\/2026\/03\/Taborda_Barata-1536x883.png 1536w\" sizes=\"(max-width: 1879px) 100vw, 1879px\" \/>\t\t\t\t\t\t\t\t\t\t\t\t\t\t\t<\/div>\n\t\t\t\t<\/div>\n\t\t\t\t<div class=\"elementor-element elementor-element-50ce9c3 elementor-widget__width-initial elementor-widget elementor-widget-text-editor\" data-id=\"50ce9c3\" data-element_type=\"widget\" data-e-type=\"widget\" data-widget_type=\"text-editor.default\">\n\t\t\t\t<div class=\"elementor-widget-container\">\n\t\t\t\t\t\t\t\t\t<p><\/p>\n<p><strong>Lu\u00eds Taborda Barata<\/strong> \u00e9 professor catedr\u00e1tico de Medicina na Faculdade de Ci\u00eancias da Sa\u00fade da Universidade da Beira Interior (UBI), onde desenvolve atividade docente e cient\u00edfica no Departamento de Ci\u00eancias M\u00e9dicas. \u00c9 tamb\u00e9m coordenador cient\u00edfico do Centro de Investiga\u00e7\u00e3o em Ci\u00eancias da Sa\u00fade (CICS-UBI) e <strong>coordenador da Linha Tem\u00e1tica 3 \u2013 Hormonas, Infe\u00e7\u00e3o, Inflama\u00e7\u00e3o e Metabolismo da Unidade de Investiga\u00e7\u00e3o RISE-Health.<\/strong><\/p>\n<p>Especialista em Imunoalergologia, \u00e9 diretor do Departamento de Alergia e Imunologia Cl\u00ednica da Unidade Local de Sa\u00fade da Cova da Beira e desenvolve atividade cl\u00ednica na \u00e1rea das doen\u00e7as al\u00e9rgicas e respirat\u00f3rias. Ao longo da sua carreira tem assumido diversos cargos cient\u00edficos e institucionais, incluindo a coordena\u00e7\u00e3o do Centro de Investiga\u00e7\u00e3o em Ci\u00eancias da Sa\u00fade, a presid\u00eancia do Conselho Cient\u00edfico da Funda\u00e7\u00e3o para a Ci\u00eancia e a Tecnologia e a vice-presid\u00eancia do Conselho Consultivo da Ag\u00eancia de Investiga\u00e7\u00e3o Cl\u00ednica e Inova\u00e7\u00e3o Biom\u00e9dica.<\/p>\n<p>Licenciou-se em Medicina pela Universidade de Coimbra em 1987 e realizou forma\u00e7\u00e3o cl\u00ednica em Imunoalergologia nos Hospitais da Universidade de Coimbra e no Royal Brompton Hospital, em Londres. Em 1993 concluiu o mestrado em Imunologia pela Universidade do Porto e, em 1998, o doutoramento em Medicina pelo Imperial College London, com investiga\u00e7\u00e3o centrada nos mecanismos das doen\u00e7as al\u00e9rgicas.<\/p>\n<p>Ao longo do seu percurso acad\u00e9mico e cient\u00edfico, participou na cria\u00e7\u00e3o e desenvolvimento da Faculdade de Ci\u00eancias da Sa\u00fade da Universidade da Beira Interior, onde desempenhou fun\u00e7\u00f5es como presidente do Departamento de Ci\u00eancias M\u00e9dicas, diretor do curso de Medicina e presidente da Faculdade. A sua atividade cient\u00edfica centra-se sobretudo na \u00e1rea da imunoalergologia e das doen\u00e7as respirat\u00f3rias, com participa\u00e7\u00e3o em projetos de investiga\u00e7\u00e3o e colabora\u00e7\u00f5es nacionais e internacionais.<\/p><p><strong><br><\/strong><\/p><p><strong>O que o levou a escolher a Medicina e, mais especificamente, a especialidade de Imunoalergologia?<\/strong><\/p>\n<p>\u00c9 dif\u00edcil dizer o que me levou a escolher Medicina, pois acho que sempre fez parte da minha alma e dos meus ossos, assim como se fosse uma necessidade \u00f3bvia, mas, ao mesmo tempo, inexplic\u00e1vel. Vindo de uma fam\u00edlia com tradi\u00e7\u00e3o no Direito (desde o s\u00e9culo XVII) e com apenas dois antepassados m\u00e9dicos, n\u00e3o podia invocar aspectos gen\u00e9ticos.<\/p>\n<p>A tal necessidade indescrit\u00edvel fez com que, quando tive de colocar as op\u00e7\u00f5es de cursos universit\u00e1rios de meu interesse, tenha apenas&nbsp;colocado &#8220;Medicina &#8211; Faculdade de Medicina da Universidade de Coimbra&#8221;. Acho que esta escolha foi um misto de querer ajudar o pr\u00f3ximo, de querer desafiar os limites do que \u00e9 poss\u00edvel fazer em rela\u00e7\u00e3o \u00e0s doen\u00e7as, e de querer ter uma componente aventureira, uma vez que tinha planos de ser um &#8220;Royal Flying Doctor\u201d, na Austr\u00e1lia. Acabei por satisfazer um pouco isto tudo, nomeadamente atrav\u00e9s de trabalho em Angola e na \u00c1frica do Sul.<\/p>\n<p>Quanto \u00e0 Imunoalergologia, tamb\u00e9m n\u00e3o foi f\u00e1cil. Sempre pensei em seguir Pneumologia, embora tamb\u00e9m gostasse muito da \u00e1rea de Imunologia. Enquanto estava no curso de Medicina, essas foram as duas \u00e1reas favoritas, mas sempre privilegiei a \u00e1rea da Pneumologia.<\/p>\n<p>Contudo, um dia, um colega do Instituto de Ci\u00eancias Biom\u00e9dicas Abel Salazar da Universidade do Porto (ICBAS-UP) alertou-me para a abertura de 12 vagas para um Mestrado em Imunologia naquela institui\u00e7\u00e3o, que era coordenado pela \u00edmpar Professora Maria de Sousa. Achei muito interessante e concorri. Para minha surpresa &#8211; pois havia muitos candidatos &#8211; fui aceite e, ao longo do 1\u00ba ano do mestrado, fiquei fascinado com a exposi\u00e7\u00e3o cient\u00edfica ao mais alto n\u00edvel e com refer\u00eancias mundiais da Imunologia. Esta situa\u00e7\u00e3o levou-me a, pela primeira vez, duvidar de escolher Pneumologia como especialidade a seguir e a ficar interessado na possibilidade de enveredar pela Imunoalergologia, que juntava o fasc\u00ednio da Imunologia com a perspectiva de poder lidar com patologias alergol\u00f3gicas que j\u00e1 se estavam a tornar cada vez mais frequentes.<\/p>\n<p>No dia de escolher a especialidade, estava eu na Administra\u00e7\u00e3o Regional de Sa\u00fade do Centro (penso eu), a fazer trajectos mentais <em>ad nauseum<\/em>&nbsp;entre as duas possibilidades. Tinha a funcion\u00e1ria que comunicava as decis\u00f5es dos candidatos aos outros dois centros (Lisboa e Porto), a pressionar-me, uma vez que o tempo urgia e n\u00e3o podia esperar mais, at\u00e9 que, de forma s\u00fabita, deixei escapar &#8220;Imunoalergologia&#8221;.<\/p>\n<p>Ingressei na especialidade, nos Hospitais da Universidade de Coimbra e mantive sempre um enorme gosto por essa \u00e1rea, mas tamb\u00e9m sempre pela Pneumologia &#8211; curiosamente, em Inglaterra, onde trabalhei v\u00e1rios anos para o meu doutoramento e fiz v\u00e1rias das val\u00eancias cl\u00ednicas da especialidade de Imunoalergologia, acabei por ficar registado como interno de Pneumologia e aprender bastante tamb\u00e9m desta \u00e1rea porque a especialidade de Imunoalergologia ainda n\u00e3o existia naquele pa\u00eds. Enfim, trajectos directos e lineares n\u00e3o&nbsp;s\u00e3o uma caracter\u00edstica minha.&nbsp;<\/p><p><br><\/p>\n<p><strong>Como Coordenador da Linha Tem\u00e1tica 3 da RISE-Health, quais s\u00e3o os principais objetivos e prioridades cient\u00edficas que define para este grupo de investiga\u00e7\u00e3o?<\/strong><\/p>\n<p>Como Coordenador da Linha Tem\u00e1tica 3 (LT3) da RISE-Health, achei que todos os membros de todos os grupos que constituem esta linha tinham de estar envolvidos na defini\u00e7\u00e3o dos objectivos e prioridades cient\u00edficas da mesma. Assim, lancei as bases de um Plano Estrat\u00e9gico a cinco anos para a LT3, com objectivos estrat\u00e9gicos, operacionais e indicadores de sucesso, sobre os quais abri \u00e0 discuss\u00e3o geral e inser\u00e7\u00e3o de sugest\u00f5es de altera\u00e7\u00f5es, por parte de todos os membros. Assim, nesse plano constru\u00eddo por todos, temos sete objectivos estrat\u00e9gicos, dos quais tr\u00eas s\u00e3o globais: 1) Aprofundar o estudo de interfaces entre hormonas, aspectos metab\u00f3licos e inflama\u00e7\u00e3o em diversos contextos; 2) Desenvolver novos m\u00e9todos, estrat\u00e9gias e ferramentas diagn\u00f3sticas e progn\u00f3sticas; 3) Contribuir para tratamentos inovadores de doen\u00e7as.<\/p>\n<p>Os restantes objectivos estrat\u00e9gicos globais dizem respeito \u00e0 consolida\u00e7\u00e3o da LT3: 4) Aumentar a qualidade da produ\u00e7\u00e3o cient\u00edfica; 5) Robustecer colabora\u00e7\u00f5es estrat\u00e9gicas; 6) Consolidar recursos humanos; 7) Aumentar a captura de financiamento competitivo.<\/p>\n<p>Finalmente, al\u00e9m destes objectivos e prioridades cient\u00edficas, cada um dos quatro grupos da LT3 &#8211; Hormones &amp; Metabolism (H&amp;M); Metabonomics, Obesity &amp; Related&nbsp;Disorders (MORD); Medical Microbiology &amp; One Health MMed&amp;OH); Exposome-Related Inflammatory &amp; Allergic Diseases (ERIAD) &#8211; tem os seus pr\u00f3prios objectivos, que tamb\u00e9m constam do Plano Estrat\u00e9gico.&nbsp; &nbsp; &nbsp;<\/p><p><br><\/p>\n<p><strong>Na sua opini\u00e3o, qual o papel da investiga\u00e7\u00e3o translacional na melhoria das pr\u00e1ticas cl\u00ednicas e das pol\u00edticas de sa\u00fade hoje em dia?<\/strong><\/p>\n<p>A investiga\u00e7\u00e3o translaccional&nbsp;\u00e9 fundamental para a melhoria das pr\u00e1ticas cl\u00ednicas pois, nomeadamente atrav\u00e9s de diversas abordagens de &#8220;Omics&#8221; permite a identifica\u00e7\u00e3o de biomarcadores e processos biopatol\u00f3gicos ligados a diversos fatores da fisiopatologia de uma doen\u00e7a, contribuindo para fortalecer aspectos n\u00e3o s\u00f3 de preven\u00e7\u00e3o, mas tamb\u00e9m de diagn\u00f3stico, monitoriza\u00e7\u00e3o, progn\u00f3stico e tratamento. Por exemplo, ao estabelecer eixos entre a investiga\u00e7\u00e3o fundamental e a cl\u00ednica, a translac\u00e7\u00e3o tamb\u00e9m permite agilizar e melhorar diversos aspectos ligados ao desenvolvimento de novos f\u00e1rmacos, biof\u00e1rmacos e dispositivos m\u00e9dicos.&nbsp; Neste contexto, a investiga\u00e7\u00e3o translaccional \u00e9 crucial como suporte para uma Medicina Personalizada e de Precis\u00e3o e tamb\u00e9m para se fortalecer o leque de par\u00e2metros que permite a aplica\u00e7\u00e3o de Medicina baseada em Evid\u00eancia, com indicadores s\u00f3lidos, por exemplo, de efic\u00e1cia e seguran\u00e7a, t\u00e3o relevantes para os doentes e o tratamento de doen\u00e7as, como para a monitoriza\u00e7\u00e3o e procura de aumento da qualidade da presta\u00e7\u00e3o de cuidados de sa\u00fade.<\/p>\n<p>V\u00e1rios destes aspectos que resultam de investiga\u00e7\u00e3o translaccional e sua verifica\u00e7\u00e3o em contexto cl\u00ednico, t\u00eam sido traduzidos em directrizes e normas de orienta\u00e7\u00e3o cl\u00ednica com express\u00e3o em pol\u00edticas de sa\u00fade. A \u00e1rea em que trabalho, ligada \u00e0 asma, \u00e9 um dos melhores exemplos do papel da investiga\u00e7\u00e3o de translac\u00e7\u00e3o na melhoria das pr\u00e1ticas cl\u00ednicas, com certos biomarcadores a ter um papel fundamental na caracteriza\u00e7\u00e3o e estratifica\u00e7\u00e3o de doentes, com novos tratamentos biol\u00f3gicos orientados para o tratamento &#8211; e possivelmente para a promo\u00e7\u00e3o da remiss\u00e3o &#8211; da doen\u00e7a, com base nesses biomarcadores, com novas abordagens de monitoriza\u00e7\u00e3o da doen\u00e7a atrav\u00e9s de <em>mobile<\/em> Health (mHealth), com v\u00e1rios dos resultados destas abordagens sendo usados para a defini\u00e7\u00e3o de novas directrizes de abordagem e\/ou tratamento da doen\u00e7a.&nbsp;&nbsp;<\/p><p><br><\/p>\n<p><strong>A cria\u00e7\u00e3o da RISE-Health marcou a fus\u00e3o de v\u00e1rias unidades de investiga\u00e7\u00e3o numa \u00fanica estrutura. Na sua opini\u00e3o, que impacto pode a RISE-Health ter na investiga\u00e7\u00e3o nacional? Qual a import\u00e2ncia de uma Unidade de Investiga\u00e7\u00e3o como a RISE-Health para o futuro da ci\u00eancia e da sa\u00fade no nosso pa\u00eds?<\/strong><\/p>\n<p>A RISE-Health pode vir a ter um grande impacto n\u00e3o s\u00f3 na investiga\u00e7\u00e3o nacional, mas tamb\u00e9m internacional. Sendo a maior UI&amp;D na \u00e1rea da investiga\u00e7\u00e3o cl\u00ednica e de translac\u00e7\u00e3o, a n\u00edvel nacional, \u00e9 constitu\u00edda por diversos p\u00f3los, distribu\u00eddos por uma grande parte do territ\u00f3rio nacional e que re\u00fanem&nbsp;m\u00faltiplos investigadores e cl\u00ednicos, em laborat\u00f3rios e em ambientes cl\u00ednicos diversos e com uma elevada capacidade cient\u00edfica, alinhada &#8220;<em>da mol\u00e9cula \u00e0 comunidade e da comunidade de volta \u00e0 mol\u00e9cula<\/em>&#8220;.<\/p>\n<p>Este <strong>eixo translacional<\/strong> forte tem um enorme potencial dado o alargado leque de conhecimentos, t\u00e9cnicas e equipamentos a ele associados e que v\u00e3o desde estudos <em>in vitro<\/em> a ensaios cl\u00ednicos, passando por an\u00e1lise e gest\u00e3o de dados de sa\u00fade, tudo dentro da mesma UI&amp;D.<\/p>\n<p>Al\u00e9m disso, este eixo est\u00e1 associado a uma internacionaliza\u00e7\u00e3o clara, com participa\u00e7\u00e3o activa em diversas redes cient\u00edficas europeias e mundiais, que se pretende expandir ainda mais. De facto, a diversidade que caracteriza&nbsp;esta nova UI&amp;D permite ter uma oferta muito mais rica para essas redes. Contudo, para expandir muito mais a sua relev\u00e2ncia nacional e internacional, a RISE-Health necessita de continuar os esfor\u00e7os da sua consolida\u00e7\u00e3o como uma UI&amp;D forte, sustentada por uma rede profundamente articulada de p\u00f3los, que permita dar import\u00e2ncia a todos estes, maximizando sinergias e complementaridades que resultem em cada vez mais projectos integrados e colaborativos, geradores de inova\u00e7\u00e3o disruptiva. Por outro lado, a RISE-Health tamb\u00e9m est\u00e1 numa posi\u00e7\u00e3o \u00edmpar para desenvolver ainda um novo eixo muito relevante: o do <strong><u>ensino-investiga\u00e7\u00e3o<\/u><\/strong>. De facto, na sua globalidade, oferece uma rica interac\u00e7\u00e3o&nbsp;para um vasto leque de cursos, que permite que a investiga\u00e7\u00e3o v\u00e1 de m\u00e3os dadas com o ensino, em diferentes linhas verticais, desde cursos de pr\u00e9-gradua\u00e7\u00e3o at\u00e9 cursos de p\u00f3s-gradua\u00e7\u00e3o (cursos n\u00e3o conferentes de grau,&nbsp;mestrados, doutoramentos).<\/p>\n<p>Sabendo expandir e robustecer os dois eixos acima referidos, a contribui\u00e7\u00e3o da RISE-Health para o futuro da ci\u00eancia e da sa\u00fade no nosso pa\u00eds ter\u00e1 sustentabilidade, forte inova\u00e7\u00e3o e elevado impacto cient\u00edfico, cl\u00ednico e societ\u00e1rio, nomeadamente com tradu\u00e7\u00e3o em pol\u00edticas de sa\u00fade e de educa\u00e7\u00e3o.<\/p>\n<h6>Por op\u00e7\u00e3o expressa do entrevistado, este texto foi redigido segundo a ortografia vigente antes do Acordo Ortogr\u00e1fico.<\/h6>\t\t\t\t\t\t\t\t<\/div>\n\t\t\t\t<\/div>\n\t\t\t\t\t<\/div>\n\t\t<\/div>\n\t\t\t\t\t<\/div>\n\t\t<\/section>\n\t\t\t\t<\/div>\n\t\t","protected":false},"excerpt":{"rendered":"<p>Cerca de 300 investigadores de todo o pa\u00eds juntaram-se na Faculdade de Medicina da Universidade do Porto (FMUP), no dia 28 de junho, para participarem na 1.\u00aa Reuni\u00e3o de Trabalho da nova Unidade de Investiga\u00e7\u00e3o RISE-Health, nascida da fus\u00e3o de duas Unidades de Investiga\u00e7\u00e3o sediadas na FMUP, o CINTESIS e a UnIC, \u00e0s quais se juntaram o MedInUP e o CICS \u2013 Universidade da Beira Interior.<\/p>\n","protected":false},"author":6,"featured_media":6019,"comment_status":"open","ping_status":"open","sticky":false,"template":"elementor_header_footer","format":"standard","meta":{"footnotes":""},"categories":[16],"tags":[281,282,283],"class_list":["post-6018","post","type-post","status-publish","format-standard","has-post-thumbnail","hentry","category-noticias","tag-luis-taborda-barata","tag-rise-health-insider","tag-universidade-da-beira-interior"],"yoast_head":"<!-- This site is optimized with the Yoast SEO plugin v27.4 - https:\/\/yoast.com\/product\/yoast-seo-wordpress\/ -->\n<title>Entrevista | Lu\u00eds Taborda Barata<\/title>\n<meta name=\"description\" content=\"Lu\u00eds Taborda Barata \u00e9 professor catedr\u00e1tico de Medicina na Faculdade de Ci\u00eancias da Sa\u00fade da Universidade da Beira Interior (UBI), onde desenvolve atividade docente e cient\u00edfica no Departamento de Ci\u00eancias M\u00e9dicas.\" \/>\n<meta name=\"robots\" content=\"index, follow, max-snippet:-1, max-image-preview:large, max-video-preview:-1\" \/>\n<link rel=\"canonical\" href=\"https:\/\/rise-health.pt\/pt-pt\/2026\/03\/25\/entrevista-luis-taborda-barata\/\" \/>\n<meta property=\"og:locale\" content=\"pt_PT\" \/>\n<meta property=\"og:type\" content=\"article\" \/>\n<meta property=\"og:title\" content=\"Entrevista | Lu\u00eds Taborda Barata\" \/>\n<meta property=\"og:description\" content=\"Lu\u00eds Taborda Barata \u00e9 professor catedr\u00e1tico de Medicina na Faculdade de Ci\u00eancias da Sa\u00fade da Universidade da Beira Interior (UBI), onde desenvolve atividade docente e cient\u00edfica no Departamento de Ci\u00eancias M\u00e9dicas.\" \/>\n<meta property=\"og:url\" content=\"https:\/\/rise-health.pt\/pt-pt\/2026\/03\/25\/entrevista-luis-taborda-barata\/\" \/>\n<meta property=\"og:site_name\" content=\"RISE Health\" \/>\n<meta property=\"article:published_time\" content=\"2026-03-25T09:38:39+00:00\" \/>\n<meta property=\"article:modified_time\" content=\"2026-03-25T12:07:49+00:00\" \/>\n<meta property=\"og:image\" content=\"https:\/\/rise-health.pt\/wp-content\/uploads\/2026\/03\/Taborda_Barata.png\" \/>\n\t<meta property=\"og:image:width\" content=\"1879\" \/>\n\t<meta property=\"og:image:height\" content=\"1080\" \/>\n\t<meta property=\"og:image:type\" content=\"image\/png\" \/>\n<meta name=\"author\" content=\"Milaydis Sosa Napolskij\" \/>\n<meta name=\"twitter:card\" content=\"summary_large_image\" \/>\n<meta name=\"twitter:label1\" content=\"Escrito por\" \/>\n\t<meta name=\"twitter:data1\" content=\"Milaydis Sosa Napolskij\" \/>\n\t<meta name=\"twitter:label2\" content=\"Tempo estimado de leitura\" \/>\n\t<meta name=\"twitter:data2\" content=\"10 minutos\" \/>\n<script type=\"application\/ld+json\" class=\"yoast-schema-graph\">{\"@context\":\"https:\\\/\\\/schema.org\",\"@graph\":[{\"@type\":\"Article\",\"@id\":\"https:\\\/\\\/rise-health.pt\\\/pt-pt\\\/2026\\\/03\\\/25\\\/entrevista-luis-taborda-barata\\\/#article\",\"isPartOf\":{\"@id\":\"https:\\\/\\\/rise-health.pt\\\/pt-pt\\\/2026\\\/03\\\/25\\\/entrevista-luis-taborda-barata\\\/\"},\"author\":{\"name\":\"Milaydis Sosa Napolskij\",\"@id\":\"https:\\\/\\\/rise-health.pt\\\/pt-pt\\\/#\\\/schema\\\/person\\\/3cd0c8910cd5a8ae407735b235db9dff\"},\"headline\":\"Entrevista | Lu\u00eds Taborda Barata\",\"datePublished\":\"2026-03-25T09:38:39+00:00\",\"dateModified\":\"2026-03-25T12:07:49+00:00\",\"mainEntityOfPage\":{\"@id\":\"https:\\\/\\\/rise-health.pt\\\/pt-pt\\\/2026\\\/03\\\/25\\\/entrevista-luis-taborda-barata\\\/\"},\"wordCount\":1996,\"commentCount\":0,\"publisher\":{\"@id\":\"https:\\\/\\\/rise-health.pt\\\/pt-pt\\\/#organization\"},\"image\":{\"@id\":\"https:\\\/\\\/rise-health.pt\\\/pt-pt\\\/2026\\\/03\\\/25\\\/entrevista-luis-taborda-barata\\\/#primaryimage\"},\"thumbnailUrl\":\"https:\\\/\\\/rise-health.pt\\\/wp-content\\\/uploads\\\/2026\\\/03\\\/Taborda_Barata.png\",\"keywords\":[\"Lu\u00eds Taborda Barata\",\"RISE-Health Insider\",\"Universidade da Beira Interior\"],\"articleSection\":[\"Not\u00edcias\"],\"inLanguage\":\"pt-PT\",\"potentialAction\":[{\"@type\":\"CommentAction\",\"name\":\"Comment\",\"target\":[\"https:\\\/\\\/rise-health.pt\\\/pt-pt\\\/2026\\\/03\\\/25\\\/entrevista-luis-taborda-barata\\\/#respond\"]}]},{\"@type\":\"WebPage\",\"@id\":\"https:\\\/\\\/rise-health.pt\\\/pt-pt\\\/2026\\\/03\\\/25\\\/entrevista-luis-taborda-barata\\\/\",\"url\":\"https:\\\/\\\/rise-health.pt\\\/pt-pt\\\/2026\\\/03\\\/25\\\/entrevista-luis-taborda-barata\\\/\",\"name\":\"Entrevista | Lu\u00eds Taborda Barata\",\"isPartOf\":{\"@id\":\"https:\\\/\\\/rise-health.pt\\\/pt-pt\\\/#website\"},\"primaryImageOfPage\":{\"@id\":\"https:\\\/\\\/rise-health.pt\\\/pt-pt\\\/2026\\\/03\\\/25\\\/entrevista-luis-taborda-barata\\\/#primaryimage\"},\"image\":{\"@id\":\"https:\\\/\\\/rise-health.pt\\\/pt-pt\\\/2026\\\/03\\\/25\\\/entrevista-luis-taborda-barata\\\/#primaryimage\"},\"thumbnailUrl\":\"https:\\\/\\\/rise-health.pt\\\/wp-content\\\/uploads\\\/2026\\\/03\\\/Taborda_Barata.png\",\"datePublished\":\"2026-03-25T09:38:39+00:00\",\"dateModified\":\"2026-03-25T12:07:49+00:00\",\"description\":\"Lu\u00eds Taborda Barata \u00e9 professor catedr\u00e1tico de Medicina na Faculdade de Ci\u00eancias da Sa\u00fade da Universidade da Beira Interior (UBI), onde desenvolve atividade docente e cient\u00edfica no Departamento de Ci\u00eancias M\u00e9dicas.\",\"breadcrumb\":{\"@id\":\"https:\\\/\\\/rise-health.pt\\\/pt-pt\\\/2026\\\/03\\\/25\\\/entrevista-luis-taborda-barata\\\/#breadcrumb\"},\"inLanguage\":\"pt-PT\",\"potentialAction\":[{\"@type\":\"ReadAction\",\"target\":[\"https:\\\/\\\/rise-health.pt\\\/pt-pt\\\/2026\\\/03\\\/25\\\/entrevista-luis-taborda-barata\\\/\"]}]},{\"@type\":\"ImageObject\",\"inLanguage\":\"pt-PT\",\"@id\":\"https:\\\/\\\/rise-health.pt\\\/pt-pt\\\/2026\\\/03\\\/25\\\/entrevista-luis-taborda-barata\\\/#primaryimage\",\"url\":\"https:\\\/\\\/rise-health.pt\\\/wp-content\\\/uploads\\\/2026\\\/03\\\/Taborda_Barata.png\",\"contentUrl\":\"https:\\\/\\\/rise-health.pt\\\/wp-content\\\/uploads\\\/2026\\\/03\\\/Taborda_Barata.png\",\"width\":1879,\"height\":1080},{\"@type\":\"BreadcrumbList\",\"@id\":\"https:\\\/\\\/rise-health.pt\\\/pt-pt\\\/2026\\\/03\\\/25\\\/entrevista-luis-taborda-barata\\\/#breadcrumb\",\"itemListElement\":[{\"@type\":\"ListItem\",\"position\":1,\"name\":\"Not\u00edcias\",\"item\":\"https:\\\/\\\/rise-health.pt\\\/pt-pt\\\/category\\\/noticias\\\/\"},{\"@type\":\"ListItem\",\"position\":2,\"name\":\"Entrevista | Lu\u00eds Taborda Barata\"}]},{\"@type\":\"WebSite\",\"@id\":\"https:\\\/\\\/rise-health.pt\\\/pt-pt\\\/#website\",\"url\":\"https:\\\/\\\/rise-health.pt\\\/pt-pt\\\/\",\"name\":\"RISE Health\",\"description\":\"RISE Health\",\"publisher\":{\"@id\":\"https:\\\/\\\/rise-health.pt\\\/pt-pt\\\/#organization\"},\"potentialAction\":[{\"@type\":\"SearchAction\",\"target\":{\"@type\":\"EntryPoint\",\"urlTemplate\":\"https:\\\/\\\/rise-health.pt\\\/pt-pt\\\/?s={search_term_string}\"},\"query-input\":{\"@type\":\"PropertyValueSpecification\",\"valueRequired\":true,\"valueName\":\"search_term_string\"}}],\"inLanguage\":\"pt-PT\"},{\"@type\":\"Organization\",\"@id\":\"https:\\\/\\\/rise-health.pt\\\/pt-pt\\\/#organization\",\"name\":\"Rise Health\",\"url\":\"https:\\\/\\\/rise-health.pt\\\/pt-pt\\\/\",\"logo\":{\"@type\":\"ImageObject\",\"inLanguage\":\"pt-PT\",\"@id\":\"https:\\\/\\\/rise-health.pt\\\/pt-pt\\\/#\\\/schema\\\/logo\\\/image\\\/\",\"url\":\"https:\\\/\\\/rise-health.pt\\\/wp-content\\\/uploads\\\/2024\\\/07\\\/Logo-SVG.svg\",\"contentUrl\":\"https:\\\/\\\/rise-health.pt\\\/wp-content\\\/uploads\\\/2024\\\/07\\\/Logo-SVG.svg\",\"width\":220,\"height\":41,\"caption\":\"Rise Health\"},\"image\":{\"@id\":\"https:\\\/\\\/rise-health.pt\\\/pt-pt\\\/#\\\/schema\\\/logo\\\/image\\\/\"}},{\"@type\":\"Person\",\"@id\":\"https:\\\/\\\/rise-health.pt\\\/pt-pt\\\/#\\\/schema\\\/person\\\/3cd0c8910cd5a8ae407735b235db9dff\",\"name\":\"Milaydis Sosa Napolskij\",\"image\":{\"@type\":\"ImageObject\",\"inLanguage\":\"pt-PT\",\"@id\":\"https:\\\/\\\/secure.gravatar.com\\\/avatar\\\/fbe01a1bf62d315ddf98417073d63920b16e7eb0b5ddb49bd78b2b6e3e794db4?s=96&d=mm&r=g\",\"url\":\"https:\\\/\\\/secure.gravatar.com\\\/avatar\\\/fbe01a1bf62d315ddf98417073d63920b16e7eb0b5ddb49bd78b2b6e3e794db4?s=96&d=mm&r=g\",\"contentUrl\":\"https:\\\/\\\/secure.gravatar.com\\\/avatar\\\/fbe01a1bf62d315ddf98417073d63920b16e7eb0b5ddb49bd78b2b6e3e794db4?s=96&d=mm&r=g\",\"caption\":\"Milaydis Sosa Napolskij\"},\"url\":\"https:\\\/\\\/rise-health.pt\\\/pt-pt\\\/author\\\/milaydis\\\/\"}]}<\/script>\n<!-- \/ Yoast SEO plugin. -->","yoast_head_json":{"title":"Entrevista | Lu\u00eds Taborda Barata","description":"Lu\u00eds Taborda Barata \u00e9 professor catedr\u00e1tico de Medicina na Faculdade de Ci\u00eancias da Sa\u00fade da Universidade da Beira Interior (UBI), onde desenvolve atividade docente e cient\u00edfica no Departamento de Ci\u00eancias M\u00e9dicas.","robots":{"index":"index","follow":"follow","max-snippet":"max-snippet:-1","max-image-preview":"max-image-preview:large","max-video-preview":"max-video-preview:-1"},"canonical":"https:\/\/rise-health.pt\/pt-pt\/2026\/03\/25\/entrevista-luis-taborda-barata\/","og_locale":"pt_PT","og_type":"article","og_title":"Entrevista | Lu\u00eds Taborda Barata","og_description":"Lu\u00eds Taborda Barata \u00e9 professor catedr\u00e1tico de Medicina na Faculdade de Ci\u00eancias da Sa\u00fade da Universidade da Beira Interior (UBI), onde desenvolve atividade docente e cient\u00edfica no Departamento de Ci\u00eancias M\u00e9dicas.","og_url":"https:\/\/rise-health.pt\/pt-pt\/2026\/03\/25\/entrevista-luis-taborda-barata\/","og_site_name":"RISE Health","article_published_time":"2026-03-25T09:38:39+00:00","article_modified_time":"2026-03-25T12:07:49+00:00","og_image":[{"width":1879,"height":1080,"url":"https:\/\/rise-health.pt\/wp-content\/uploads\/2026\/03\/Taborda_Barata.png","type":"image\/png"}],"author":"Milaydis Sosa Napolskij","twitter_card":"summary_large_image","twitter_misc":{"Escrito por":"Milaydis Sosa Napolskij","Tempo estimado de leitura":"10 minutos"},"schema":{"@context":"https:\/\/schema.org","@graph":[{"@type":"Article","@id":"https:\/\/rise-health.pt\/pt-pt\/2026\/03\/25\/entrevista-luis-taborda-barata\/#article","isPartOf":{"@id":"https:\/\/rise-health.pt\/pt-pt\/2026\/03\/25\/entrevista-luis-taborda-barata\/"},"author":{"name":"Milaydis Sosa Napolskij","@id":"https:\/\/rise-health.pt\/pt-pt\/#\/schema\/person\/3cd0c8910cd5a8ae407735b235db9dff"},"headline":"Entrevista | Lu\u00eds Taborda Barata","datePublished":"2026-03-25T09:38:39+00:00","dateModified":"2026-03-25T12:07:49+00:00","mainEntityOfPage":{"@id":"https:\/\/rise-health.pt\/pt-pt\/2026\/03\/25\/entrevista-luis-taborda-barata\/"},"wordCount":1996,"commentCount":0,"publisher":{"@id":"https:\/\/rise-health.pt\/pt-pt\/#organization"},"image":{"@id":"https:\/\/rise-health.pt\/pt-pt\/2026\/03\/25\/entrevista-luis-taborda-barata\/#primaryimage"},"thumbnailUrl":"https:\/\/rise-health.pt\/wp-content\/uploads\/2026\/03\/Taborda_Barata.png","keywords":["Lu\u00eds Taborda Barata","RISE-Health Insider","Universidade da Beira Interior"],"articleSection":["Not\u00edcias"],"inLanguage":"pt-PT","potentialAction":[{"@type":"CommentAction","name":"Comment","target":["https:\/\/rise-health.pt\/pt-pt\/2026\/03\/25\/entrevista-luis-taborda-barata\/#respond"]}]},{"@type":"WebPage","@id":"https:\/\/rise-health.pt\/pt-pt\/2026\/03\/25\/entrevista-luis-taborda-barata\/","url":"https:\/\/rise-health.pt\/pt-pt\/2026\/03\/25\/entrevista-luis-taborda-barata\/","name":"Entrevista | Lu\u00eds Taborda Barata","isPartOf":{"@id":"https:\/\/rise-health.pt\/pt-pt\/#website"},"primaryImageOfPage":{"@id":"https:\/\/rise-health.pt\/pt-pt\/2026\/03\/25\/entrevista-luis-taborda-barata\/#primaryimage"},"image":{"@id":"https:\/\/rise-health.pt\/pt-pt\/2026\/03\/25\/entrevista-luis-taborda-barata\/#primaryimage"},"thumbnailUrl":"https:\/\/rise-health.pt\/wp-content\/uploads\/2026\/03\/Taborda_Barata.png","datePublished":"2026-03-25T09:38:39+00:00","dateModified":"2026-03-25T12:07:49+00:00","description":"Lu\u00eds Taborda Barata \u00e9 professor catedr\u00e1tico de Medicina na Faculdade de Ci\u00eancias da Sa\u00fade da Universidade da Beira Interior (UBI), onde desenvolve atividade docente e cient\u00edfica no Departamento de Ci\u00eancias M\u00e9dicas.","breadcrumb":{"@id":"https:\/\/rise-health.pt\/pt-pt\/2026\/03\/25\/entrevista-luis-taborda-barata\/#breadcrumb"},"inLanguage":"pt-PT","potentialAction":[{"@type":"ReadAction","target":["https:\/\/rise-health.pt\/pt-pt\/2026\/03\/25\/entrevista-luis-taborda-barata\/"]}]},{"@type":"ImageObject","inLanguage":"pt-PT","@id":"https:\/\/rise-health.pt\/pt-pt\/2026\/03\/25\/entrevista-luis-taborda-barata\/#primaryimage","url":"https:\/\/rise-health.pt\/wp-content\/uploads\/2026\/03\/Taborda_Barata.png","contentUrl":"https:\/\/rise-health.pt\/wp-content\/uploads\/2026\/03\/Taborda_Barata.png","width":1879,"height":1080},{"@type":"BreadcrumbList","@id":"https:\/\/rise-health.pt\/pt-pt\/2026\/03\/25\/entrevista-luis-taborda-barata\/#breadcrumb","itemListElement":[{"@type":"ListItem","position":1,"name":"Not\u00edcias","item":"https:\/\/rise-health.pt\/pt-pt\/category\/noticias\/"},{"@type":"ListItem","position":2,"name":"Entrevista | Lu\u00eds Taborda Barata"}]},{"@type":"WebSite","@id":"https:\/\/rise-health.pt\/pt-pt\/#website","url":"https:\/\/rise-health.pt\/pt-pt\/","name":"RISE Health","description":"RISE Health","publisher":{"@id":"https:\/\/rise-health.pt\/pt-pt\/#organization"},"potentialAction":[{"@type":"SearchAction","target":{"@type":"EntryPoint","urlTemplate":"https:\/\/rise-health.pt\/pt-pt\/?s={search_term_string}"},"query-input":{"@type":"PropertyValueSpecification","valueRequired":true,"valueName":"search_term_string"}}],"inLanguage":"pt-PT"},{"@type":"Organization","@id":"https:\/\/rise-health.pt\/pt-pt\/#organization","name":"Rise Health","url":"https:\/\/rise-health.pt\/pt-pt\/","logo":{"@type":"ImageObject","inLanguage":"pt-PT","@id":"https:\/\/rise-health.pt\/pt-pt\/#\/schema\/logo\/image\/","url":"https:\/\/rise-health.pt\/wp-content\/uploads\/2024\/07\/Logo-SVG.svg","contentUrl":"https:\/\/rise-health.pt\/wp-content\/uploads\/2024\/07\/Logo-SVG.svg","width":220,"height":41,"caption":"Rise Health"},"image":{"@id":"https:\/\/rise-health.pt\/pt-pt\/#\/schema\/logo\/image\/"}},{"@type":"Person","@id":"https:\/\/rise-health.pt\/pt-pt\/#\/schema\/person\/3cd0c8910cd5a8ae407735b235db9dff","name":"Milaydis Sosa Napolskij","image":{"@type":"ImageObject","inLanguage":"pt-PT","@id":"https:\/\/secure.gravatar.com\/avatar\/fbe01a1bf62d315ddf98417073d63920b16e7eb0b5ddb49bd78b2b6e3e794db4?s=96&d=mm&r=g","url":"https:\/\/secure.gravatar.com\/avatar\/fbe01a1bf62d315ddf98417073d63920b16e7eb0b5ddb49bd78b2b6e3e794db4?s=96&d=mm&r=g","contentUrl":"https:\/\/secure.gravatar.com\/avatar\/fbe01a1bf62d315ddf98417073d63920b16e7eb0b5ddb49bd78b2b6e3e794db4?s=96&d=mm&r=g","caption":"Milaydis Sosa Napolskij"},"url":"https:\/\/rise-health.pt\/pt-pt\/author\/milaydis\/"}]}},"_links":{"self":[{"href":"https:\/\/rise-health.pt\/pt-pt\/wp-json\/wp\/v2\/posts\/6018","targetHints":{"allow":["GET"]}}],"collection":[{"href":"https:\/\/rise-health.pt\/pt-pt\/wp-json\/wp\/v2\/posts"}],"about":[{"href":"https:\/\/rise-health.pt\/pt-pt\/wp-json\/wp\/v2\/types\/post"}],"author":[{"embeddable":true,"href":"https:\/\/rise-health.pt\/pt-pt\/wp-json\/wp\/v2\/users\/6"}],"replies":[{"embeddable":true,"href":"https:\/\/rise-health.pt\/pt-pt\/wp-json\/wp\/v2\/comments?post=6018"}],"version-history":[{"count":16,"href":"https:\/\/rise-health.pt\/pt-pt\/wp-json\/wp\/v2\/posts\/6018\/revisions"}],"predecessor-version":[{"id":6035,"href":"https:\/\/rise-health.pt\/pt-pt\/wp-json\/wp\/v2\/posts\/6018\/revisions\/6035"}],"wp:featuredmedia":[{"embeddable":true,"href":"https:\/\/rise-health.pt\/pt-pt\/wp-json\/wp\/v2\/media\/6019"}],"wp:attachment":[{"href":"https:\/\/rise-health.pt\/pt-pt\/wp-json\/wp\/v2\/media?parent=6018"}],"wp:term":[{"taxonomy":"category","embeddable":true,"href":"https:\/\/rise-health.pt\/pt-pt\/wp-json\/wp\/v2\/categories?post=6018"},{"taxonomy":"post_tag","embeddable":true,"href":"https:\/\/rise-health.pt\/pt-pt\/wp-json\/wp\/v2\/tags?post=6018"}],"curies":[{"name":"wp","href":"https:\/\/api.w.org\/{rel}","templated":true}]}}